{"id":10008,"date":"2011-04-12T11:01:39","date_gmt":"2011-04-12T09:01:39","guid":{"rendered":"http:\/\/www.syenlap.dk\/?p=10008"},"modified":"2011-04-12T11:01:39","modified_gmt":"2011-04-12T09:01:39","slug":"15-minutters-genralforsamling","status":"publish","type":"post","link":"http:\/\/www.syenlap.dk\/?p=10008","title":{"rendered":"15 minutters generalforsamling!"},"content":{"rendered":"<p>Vitus Bering Quilterne holdt den \u00e5rlige generalforsamling i g\u00e5r aftes, og det m\u00e5 vist siges at v\u00e6re rekord:<\/p>\n<p>15 minutter tog hele generalforsamlingen! Jeg vil som dirigent ikke p\u00e5tage mig \u00e6ren, det m\u00e5 v\u00e6re bestyrelsen og medlemmerne, der skal have den.<\/p>\n<p>Det har v\u00e6ret et forrygende \u00e5r med mange aktiviteter, ikke mindst den store jubil\u00e6umsudstilling i oktober, der var meget vellykket og\u00a0velbes\u00f8gt og dertil gav et p\u00e6nt tilskud til kassebeholdningen, s\u00e5 vi er en velfunderet forening! Bestyrelsen har virkelig lagt mange initiativer og kr\u00e6fter i arbejdet! S\u00e5 det var en veloplagt og glad forsamling, der ikke havde sv\u00e6rt ved at godkende beretning og regnskab. Valg til bestyrelsen mv gav heller ingen problemer, skriftlig afstemning var ikke n\u00f8dvendig, s\u00e5 vi har stadig en god bestyrelse med genvalg + 1 nyt medlem og 1 ny suppleant. Og en forening med n\u00e6sten 100 medlemmer! Flot!<\/p>\n<p>Ydermere har bestyrelsen haft overskud til at arrangere en f\u00e6llessyning af t\u00e6pper til M\u00f8drehj\u00e6lpen, der kom rigtig mange blokke tilbage i g\u00e5r, s\u00e5 nu resterer kun f\u00e5 blokke samt sammensyning, som vil blive p\u00e5begyndt til syaftenen\u00a0i maj, og da det er japansk foldeteknik i glade farver, er t\u00e6pperne f\u00e6rdige, n\u00e5r de er syet sammen. Der bliver mindst 10 t\u00e6pper &#8211; det er da flot!<\/p>\n<p>Og som ekstra &#8220;gevinst&#8221; har bestyrelsen ogs\u00e5 arrangeret udflugt for os &#8211; den er overtegnet! &#8211; til Thy og Himmerland &#8211; \u00f8j, hvor vi gl\u00e6der os! Den var ikke p\u00e5 \u00e5rsplanen, pga jubil\u00e6et, men det er n\u00e6sten en tradition, at vi har en \u00e5rlig udflugt, og med tilskud fra foreningskassen kan det gennemf\u00f8res til en meget rimelig egenbetaling incl. l\u00e6kker middag, bes\u00f8g + foredrag hos Karen Ekmann, og selvf\u00f8lgelig et bes\u00f8g i en god patchworkforretning, denne gang <a href=\"http:\/\/quiltefant.dk\" target=\"_blank\">Quiltefant<\/a>. En heldagsudflugt med start kl 07.00!! Morgenkaffen medbringer vi selv og indtager i bussen.<\/p>\n<p><a href=\"http:\/\/www.syenlap.dk\/wp-content\/uploads\/2011\/04\/hannes-babyt\u00e6ppe.jpg\" rel=\"lightbox[10008]\"><img loading=\"lazy\" decoding=\"async\" class=\"aligncenter size-full wp-image-10009\" title=\"hannes babyt\u00e6ppe\" src=\"http:\/\/www.syenlap.dk\/wp-content\/uploads\/2011\/04\/hannes-babyt\u00e6ppe.jpg\" alt=\"\" width=\"500\" height=\"667\" \/><\/a><\/p>\n<p>Som altid var der flere, der havde f\u00e6rdige t\u00e6pper med at vise frem, jeg plejer at &#8220;sk\u00e6re hovederne af&#8221;, men jeg h\u00e5ber, at Hanne tilgiver, at jeg tager hendes glade ansigt med p\u00e5 billedet af babyt\u00e6ppet til hendes barnebarn. Det er et godt udtryk for en dejlig forsamling af glade quiltequinder.<\/p>\n","protected":false},"excerpt":{"rendered":"<p>Vitus Bering Quilterne holdt den \u00e5rlige generalforsamling i g\u00e5r aftes, og det m\u00e5 vist siges at v\u00e6re rekord: 15 minutter tog hele generalforsamlingen! Jeg vil som dirigent ikke p\u00e5tage mig \u00e6ren, det m\u00e5 v\u00e6re bestyrelsen og medlemmerne, der skal have &hellip; <a href=\"http:\/\/www.syenlap.dk\/?p=10008\">L\u00e6s resten <span class=\"meta-nav\">&rarr;<\/span><\/a><\/p>\n","protected":false},"author":2,"featured_media":0,"comment_status":"open","ping_status":"open","sticky":false,"template":"","format":"standard","meta":{"footnotes":""},"categories":[12,15],"tags":[63],"class_list":["post-10008","post","type-post","status-publish","format-standard","hentry","category-oplevelser","category-patchwork","tag-vitus-bering-quilterne"],"_links":{"self":[{"href":"http:\/\/www.syenlap.dk\/index.php?rest_route=\/wp\/v2\/posts\/10008","targetHints":{"allow":["GET"]}}],"collection":[{"href":"http:\/\/www.syenlap.dk\/index.php?rest_route=\/wp\/v2\/posts"}],"about":[{"href":"http:\/\/www.syenlap.dk\/index.php?rest_route=\/wp\/v2\/types\/post"}],"author":[{"embeddable":true,"href":"http:\/\/www.syenlap.dk\/index.php?rest_route=\/wp\/v2\/users\/2"}],"replies":[{"embeddable":true,"href":"http:\/\/www.syenlap.dk\/index.php?rest_route=%2Fwp%2Fv2%2Fcomments&post=10008"}],"version-history":[{"count":0,"href":"http:\/\/www.syenlap.dk\/index.php?rest_route=\/wp\/v2\/posts\/10008\/revisions"}],"wp:attachment":[{"href":"http:\/\/www.syenlap.dk\/index.php?rest_route=%2Fwp%2Fv2%2Fmedia&parent=10008"}],"wp:term":[{"taxonomy":"category","embeddable":true,"href":"http:\/\/www.syenlap.dk\/index.php?rest_route=%2Fwp%2Fv2%2Fcategories&post=10008"},{"taxonomy":"post_tag","embeddable":true,"href":"http:\/\/www.syenlap.dk\/index.php?rest_route=%2Fwp%2Fv2%2Ftags&post=10008"}],"curies":[{"name":"wp","href":"https:\/\/api.w.org\/{rel}","templated":true}]}}