{"id":10014,"date":"2011-04-12T16:50:10","date_gmt":"2011-04-12T14:50:10","guid":{"rendered":"http:\/\/www.syenlap.dk\/?p=10014"},"modified":"2011-04-12T16:50:10","modified_gmt":"2011-04-12T14:50:10","slug":"sjals-parade-6-sjaler-i-str%c3%b8mpegarn-samme-opskrift","status":"publish","type":"post","link":"http:\/\/www.syenlap.dk\/?p=10014","title":{"rendered":"Sjals parade &#8211; 6 sjaler i str\u00f8mpegarn, samme opskrift"},"content":{"rendered":"<p><a href=\"http:\/\/www.syenlap.dk\/wp-content\/uploads\/2011\/04\/120411-sjaler-stella2.jpg\" rel=\"lightbox[10014]\"><img loading=\"lazy\" decoding=\"async\" class=\"aligncenter size-full wp-image-10015\" title=\"120411 sjaler stella2\" src=\"http:\/\/www.syenlap.dk\/wp-content\/uploads\/2011\/04\/120411-sjaler-stella2.jpg\" alt=\"\" width=\"500\" height=\"705\" \/><\/a><\/p>\n<p>Dette sjal, strikket i str\u00f8mpegarn efter opskrift i Hendes Verdens till\u00e6g i nr. 38 &#8211; 2009, var der \u00e9n i strikkecaf\u00e9en p\u00e5 S\u00f8nderg\u00e5rden, der strikkede.<\/p>\n<p><a href=\"http:\/\/www.syenlap.dk\/wp-content\/uploads\/2011\/04\/120411-sjaler-stella.jpg\" rel=\"lightbox[10014]\"><img loading=\"lazy\" decoding=\"async\" class=\"aligncenter size-full wp-image-10017\" title=\"120411 sjaler stella\" src=\"http:\/\/www.syenlap.dk\/wp-content\/uploads\/2011\/04\/120411-sjaler-stella.jpg\" alt=\"\" width=\"500\" height=\"415\" \/><\/a><\/p>\n<p>Og s\u00e5 var der \u00e9n til..<\/p>\n<p><a href=\"http:\/\/www.syenlap.dk\/wp-content\/uploads\/2011\/04\/120411-sjaler-inga-h\u00e5ndf.jpg\" rel=\"lightbox[10014]\"><img loading=\"lazy\" decoding=\"async\" class=\"aligncenter size-full wp-image-10018\" title=\"120411 sjaler inga h\u00e5ndf\" src=\"http:\/\/www.syenlap.dk\/wp-content\/uploads\/2011\/04\/120411-sjaler-inga-h\u00e5ndf.jpg\" alt=\"\" width=\"500\" height=\"345\" \/><\/a><\/p>\n<p>..denne gang i 2 forskellige, h\u00e5ndfarvede str\u00f8mpegarner.<\/p>\n<p><a href=\"http:\/\/www.syenlap.dk\/wp-content\/uploads\/2011\/04\/120411-sjaler-birthe.jpg\" rel=\"lightbox[10014]\"><img loading=\"lazy\" decoding=\"async\" class=\"aligncenter size-full wp-image-10019\" title=\"120411 sjaler birthe\" src=\"http:\/\/www.syenlap.dk\/wp-content\/uploads\/2011\/04\/120411-sjaler-birthe.jpg\" alt=\"\" width=\"500\" height=\"354\" \/><\/a><\/p>\n<p>S\u00e5 var der \u00e9n, der var kreativ og strikkede\u00a0efter samme opskrift, men i masser af str\u00f8mpegarnsrester<\/p>\n<p><a href=\"http:\/\/www.syenlap.dk\/wp-content\/uploads\/2011\/04\/120411-sjaler-birthe2.jpg\" rel=\"lightbox[10014]\"><img loading=\"lazy\" decoding=\"async\" class=\"aligncenter size-full wp-image-10020\" title=\"120411 sjaler birthe2\" src=\"http:\/\/www.syenlap.dk\/wp-content\/uploads\/2011\/04\/120411-sjaler-birthe2.jpg\" alt=\"\" width=\"500\" height=\"811\" \/><\/a><\/p>\n<p>Det smittede, s\u00e5 der kom 1 mere &#8211; ikke kun i rester, men blandede str\u00f8mpegarner og satte en kvast p\u00e5!<\/p>\n<p><a href=\"http:\/\/www.syenlap.dk\/wp-content\/uploads\/2011\/04\/120411-sjaler-inga.jpg\" rel=\"lightbox[10014]\"><img loading=\"lazy\" decoding=\"async\" class=\"aligncenter size-full wp-image-10021\" title=\"120411 sjaler inga\" src=\"http:\/\/www.syenlap.dk\/wp-content\/uploads\/2011\/04\/120411-sjaler-inga.jpg\" alt=\"\" width=\"500\" height=\"794\" \/><\/a><\/p>\n<p>Og det kan man v\u00e6re med til, selv om man ikke strikker s\u00e5 mange str\u00f8mper, at man har en masse rester, s\u00e5 her er et mere:<\/p>\n<p><a href=\"http:\/\/www.syenlap.dk\/wp-content\/uploads\/2011\/04\/120411-sjaler-anette.jpg\" rel=\"lightbox[10014]\"><img loading=\"lazy\" decoding=\"async\" class=\"aligncenter size-full wp-image-10022\" title=\"120411 sjaler anette\" src=\"http:\/\/www.syenlap.dk\/wp-content\/uploads\/2011\/04\/120411-sjaler-anette.jpg\" alt=\"\" width=\"500\" height=\"377\" \/><\/a><\/p>\n<p>Og der kommer flere:<\/p>\n<p><a href=\"http:\/\/www.syenlap.dk\/wp-content\/uploads\/2011\/04\/120411-sjaler-annie.jpg\" rel=\"lightbox[10014]\"><img loading=\"lazy\" decoding=\"async\" class=\"aligncenter size-full wp-image-10023\" title=\"120411 sjaler annie\" src=\"http:\/\/www.syenlap.dk\/wp-content\/uploads\/2011\/04\/120411-sjaler-annie.jpg\" alt=\"\" width=\"500\" height=\"487\" \/><\/a><\/p>\n<p><a href=\"http:\/\/www.syenlap.dk\/wp-content\/uploads\/2011\/04\/120411-sjaler.jpg\" rel=\"lightbox[10014]\"><img loading=\"lazy\" decoding=\"async\" class=\"aligncenter size-full wp-image-10024\" title=\"120411 sjaler\" src=\"http:\/\/www.syenlap.dk\/wp-content\/uploads\/2011\/04\/120411-sjaler.jpg\" alt=\"\" width=\"500\" height=\"551\" \/><\/a><\/p>\n<p>Det kan blive til mange<\/p>\n<p><a href=\"http:\/\/www.syenlap.dk\/wp-content\/uploads\/2011\/04\/120411-sjal-opskrifter.jpg\" rel=\"lightbox[10014]\"><img loading=\"lazy\" decoding=\"async\" class=\"aligncenter size-full wp-image-10025\" title=\"120411 sjal opskrifter\" src=\"http:\/\/www.syenlap.dk\/wp-content\/uploads\/2011\/04\/120411-sjal-opskrifter.jpg\" alt=\"\" width=\"500\" height=\"678\" \/><\/a><\/p>\n<p>&#8211; alle strikket efter samme opskrift i dette h\u00e6fte, till\u00e6g til Hendes Verden nr 38, 2009.<\/p>\n","protected":false},"excerpt":{"rendered":"<p>Dette sjal, strikket i str\u00f8mpegarn efter opskrift i Hendes Verdens till\u00e6g i nr. 38 &#8211; 2009, var der \u00e9n i strikkecaf\u00e9en p\u00e5 S\u00f8nderg\u00e5rden, der strikkede. Og s\u00e5 var der \u00e9n til.. ..denne gang i 2 forskellige, h\u00e5ndfarvede str\u00f8mpegarner. S\u00e5 var &hellip; <a href=\"http:\/\/www.syenlap.dk\/?p=10014\">L\u00e6s resten <span class=\"meta-nav\">&rarr;<\/span><\/a><\/p>\n","protected":false},"author":2,"featured_media":0,"comment_status":"open","ping_status":"open","sticky":false,"template":"","format":"standard","meta":{"footnotes":""},"categories":[16],"tags":[],"class_list":["post-10014","post","type-post","status-publish","format-standard","hentry","category-strik"],"_links":{"self":[{"href":"http:\/\/www.syenlap.dk\/index.php?rest_route=\/wp\/v2\/posts\/10014","targetHints":{"allow":["GET"]}}],"collection":[{"href":"http:\/\/www.syenlap.dk\/index.php?rest_route=\/wp\/v2\/posts"}],"about":[{"href":"http:\/\/www.syenlap.dk\/index.php?rest_route=\/wp\/v2\/types\/post"}],"author":[{"embeddable":true,"href":"http:\/\/www.syenlap.dk\/index.php?rest_route=\/wp\/v2\/users\/2"}],"replies":[{"embeddable":true,"href":"http:\/\/www.syenlap.dk\/index.php?rest_route=%2Fwp%2Fv2%2Fcomments&post=10014"}],"version-history":[{"count":0,"href":"http:\/\/www.syenlap.dk\/index.php?rest_route=\/wp\/v2\/posts\/10014\/revisions"}],"wp:attachment":[{"href":"http:\/\/www.syenlap.dk\/index.php?rest_route=%2Fwp%2Fv2%2Fmedia&parent=10014"}],"wp:term":[{"taxonomy":"category","embeddable":true,"href":"http:\/\/www.syenlap.dk\/index.php?rest_route=%2Fwp%2Fv2%2Fcategories&post=10014"},{"taxonomy":"post_tag","embeddable":true,"href":"http:\/\/www.syenlap.dk\/index.php?rest_route=%2Fwp%2Fv2%2Ftags&post=10014"}],"curies":[{"name":"wp","href":"https:\/\/api.w.org\/{rel}","templated":true}]}}