{"id":10062,"date":"2011-04-17T13:58:56","date_gmt":"2011-04-17T11:58:56","guid":{"rendered":"http:\/\/www.syenlap.dk\/?p=10062"},"modified":"2011-04-17T13:58:56","modified_gmt":"2011-04-17T11:58:56","slug":"karen-ekmann","status":"publish","type":"post","link":"http:\/\/www.syenlap.dk\/?p=10062","title":{"rendered":"Karen Ekmann"},"content":{"rendered":"<p>Det var en stor oplevelse af bes\u00f8ge Karen Ekmann i g\u00e5r sammen med Vitus Bering Quilterne fra Horsens.<\/p>\n<p>En hel bus fuld af 50 glade quiltere k\u00f8rte til Thy fra Horsens kl 07.00 &#8211; tidligt, men der er jo langt, og hum\u00f8ret fejlede ingenting! Syt\u00f8j, strikket\u00f8j og snakket\u00f8j fik k\u00f8returen til at g\u00e5, og vi kom til Koldby skole, hvor Karen ventede os med store stakke af t\u00e6pper, som hun viste, fortalte og forklarede.<\/p>\n<p><a href=\"http:\/\/www.syenlap.dk\/wp-content\/uploads\/2011\/04\/160411-karen-ekmann-.jpg\" rel=\"lightbox[10062]\"><img loading=\"lazy\" decoding=\"async\" class=\"aligncenter size-full wp-image-10063\" title=\"160411 karen ekmann\" src=\"http:\/\/www.syenlap.dk\/wp-content\/uploads\/2011\/04\/160411-karen-ekmann-.jpg\" alt=\"\" width=\"500\" height=\"347\" \/><\/a><\/p>\n<p>Jeg har oplevet Karen en gang f\u00f8r og vidste, hvad vi kunne gl\u00e6de os til! Og ingen blev skuffede.<\/p>\n<p><a href=\"http:\/\/www.syenlap.dk\/wp-content\/uploads\/2011\/04\/160411-karen-ekmann-2-.jpg\" rel=\"lightbox[10062]\"><img loading=\"lazy\" decoding=\"async\" class=\"aligncenter size-full wp-image-10064\" title=\"160411 karen ekmann 2\" src=\"http:\/\/www.syenlap.dk\/wp-content\/uploads\/2011\/04\/160411-karen-ekmann-2-.jpg\" alt=\"\" width=\"500\" height=\"340\" \/><\/a><\/p>\n<p>Karen syr nogle fantastiske t\u00e6pper i flotte farver og m\u00f8nstre, meget gerne af rester &#8211; det er n\u00e6sten hendes &#8220;varem\u00e6rke&#8221;!<\/p>\n<p><a href=\"http:\/\/www.syenlap.dk\/wp-content\/uploads\/2011\/04\/160411-karen-ekmann-3-.jpg\" rel=\"lightbox[10062]\"><img loading=\"lazy\" decoding=\"async\" class=\"aligncenter size-full wp-image-10065\" title=\"160411 karen ekmann 3\" src=\"http:\/\/www.syenlap.dk\/wp-content\/uploads\/2011\/04\/160411-karen-ekmann-3-.jpg\" alt=\"\" width=\"500\" height=\"323\" \/><\/a><\/p>\n<p>Og s\u00e5 har hun det sk\u00f8nneste thy-m\u00e5l og en pragtfuld humor! Man skal v\u00e6re opm\u00e6rksom for at f\u00e5 det hele med.<\/p>\n<p><a href=\"http:\/\/www.syenlap.dk\/wp-content\/uploads\/2011\/04\/160411-karen-ekmann-4-.jpg\" rel=\"lightbox[10062]\"><img loading=\"lazy\" decoding=\"async\" class=\"aligncenter size-full wp-image-10066\" title=\"160411 karen ekmann 4\" src=\"http:\/\/www.syenlap.dk\/wp-content\/uploads\/2011\/04\/160411-karen-ekmann-4-.jpg\" alt=\"\" width=\"500\" height=\"532\" \/><\/a><\/p>\n<p>Hvor er det inspirererende.<\/p>\n<p><a href=\"http:\/\/www.syenlap.dk\/wp-content\/uploads\/2011\/04\/160411-karen-ekmann-5-.jpg\" rel=\"lightbox[10062]\"><img loading=\"lazy\" decoding=\"async\" class=\"aligncenter size-full wp-image-10067\" title=\"160411 karen ekmann 5\" src=\"http:\/\/www.syenlap.dk\/wp-content\/uploads\/2011\/04\/160411-karen-ekmann-5-.jpg\" alt=\"\" width=\"500\" height=\"404\" \/><\/a><\/p>\n<p>Ogs\u00e5 enkle t\u00e6pper er hun god til, dette er et af flere resultater af stof-bytte med stykker i 15 x 15 cm i bl\u00e5 farver (en af hendes favoritfarver) &#8211; og s\u00e5 pifter hun det lige op med de sm\u00e5 r\u00f8de &#8220;sommerfugle&#8221; &#8211; lige til at abe efter!<\/p>\n<p><a href=\"http:\/\/www.syenlap.dk\/wp-content\/uploads\/2011\/04\/160411-karen-ekmann-6-1.jpg\" rel=\"lightbox[10062]\"><img loading=\"lazy\" decoding=\"async\" class=\"aligncenter size-full wp-image-10069\" title=\"160411 karen ekmann 6\" src=\"http:\/\/www.syenlap.dk\/wp-content\/uploads\/2011\/04\/160411-karen-ekmann-6-1.jpg\" alt=\"\" width=\"500\" height=\"348\" \/><\/a><\/p>\n<p>Man kan se det: Karen kan ikke lide hvidt!<\/p>\n<p><a href=\"http:\/\/www.syenlap.dk\/wp-content\/uploads\/2011\/04\/160411-karen-ekmann-7-.jpg\" rel=\"lightbox[10062]\"><img loading=\"lazy\" decoding=\"async\" class=\"aligncenter size-full wp-image-10070\" title=\"160411 karen ekmann 7\" src=\"http:\/\/www.syenlap.dk\/wp-content\/uploads\/2011\/04\/160411-karen-ekmann-7-.jpg\" alt=\"\" width=\"500\" height=\"433\" \/><\/a><\/p>\n<p>Pang-farver, det er sagen.<\/p>\n<p><a href=\"http:\/\/www.syenlap.dk\/wp-content\/uploads\/2011\/04\/160411-karen-ekmann-8-.jpg\" rel=\"lightbox[10062]\"><img loading=\"lazy\" decoding=\"async\" class=\"aligncenter size-full wp-image-10071\" title=\"160411 karen ekmann 8\" src=\"http:\/\/www.syenlap.dk\/wp-content\/uploads\/2011\/04\/160411-karen-ekmann-8-.jpg\" alt=\"\" width=\"500\" height=\"388\" \/><\/a><\/p>\n<p>Og pang + sort elsker hun. &#8220;Franske anemoner&#8221; &#8211; dem m\u00e5 jeg pr\u00f8ve! Der var en af os, der k\u00f8bte ind til det lidt senere, hvor vi bes\u00f8gte <a href=\"http:\/\/quiltefant.dk\" target=\"_blank\">Quiltefant<\/a> &#8211; mere om det senere.<\/p>\n<p>Halsen volder stadig problemer, og da jeg ogs\u00e5 har sendt en af mine bl\u00e5b\u00e6rbuske hjemmefra i formiddag (mere om det en anden gang) bliver det kun til et lille glimt af bes\u00f8get hos Karen Ekmann i denne omgang, men der skal nok komme mere.<\/p>\n","protected":false},"excerpt":{"rendered":"<p>Det var en stor oplevelse af bes\u00f8ge Karen Ekmann i g\u00e5r sammen med Vitus Bering Quilterne fra Horsens. En hel bus fuld af 50 glade quiltere k\u00f8rte til Thy fra Horsens kl 07.00 &#8211; tidligt, men der er jo langt, &hellip; <a href=\"http:\/\/www.syenlap.dk\/?p=10062\">L\u00e6s resten <span class=\"meta-nav\">&rarr;<\/span><\/a><\/p>\n","protected":false},"author":2,"featured_media":0,"comment_status":"open","ping_status":"open","sticky":false,"template":"","format":"standard","meta":{"footnotes":""},"categories":[12,15],"tags":[63],"class_list":["post-10062","post","type-post","status-publish","format-standard","hentry","category-oplevelser","category-patchwork","tag-vitus-bering-quilterne"],"_links":{"self":[{"href":"http:\/\/www.syenlap.dk\/index.php?rest_route=\/wp\/v2\/posts\/10062","targetHints":{"allow":["GET"]}}],"collection":[{"href":"http:\/\/www.syenlap.dk\/index.php?rest_route=\/wp\/v2\/posts"}],"about":[{"href":"http:\/\/www.syenlap.dk\/index.php?rest_route=\/wp\/v2\/types\/post"}],"author":[{"embeddable":true,"href":"http:\/\/www.syenlap.dk\/index.php?rest_route=\/wp\/v2\/users\/2"}],"replies":[{"embeddable":true,"href":"http:\/\/www.syenlap.dk\/index.php?rest_route=%2Fwp%2Fv2%2Fcomments&post=10062"}],"version-history":[{"count":0,"href":"http:\/\/www.syenlap.dk\/index.php?rest_route=\/wp\/v2\/posts\/10062\/revisions"}],"wp:attachment":[{"href":"http:\/\/www.syenlap.dk\/index.php?rest_route=%2Fwp%2Fv2%2Fmedia&parent=10062"}],"wp:term":[{"taxonomy":"category","embeddable":true,"href":"http:\/\/www.syenlap.dk\/index.php?rest_route=%2Fwp%2Fv2%2Fcategories&post=10062"},{"taxonomy":"post_tag","embeddable":true,"href":"http:\/\/www.syenlap.dk\/index.php?rest_route=%2Fwp%2Fv2%2Ftags&post=10062"}],"curies":[{"name":"wp","href":"https:\/\/api.w.org\/{rel}","templated":true}]}}