{"id":10086,"date":"2011-04-19T15:36:36","date_gmt":"2011-04-19T13:36:36","guid":{"rendered":"http:\/\/www.syenlap.dk\/?p=10086"},"modified":"2011-04-19T15:36:36","modified_gmt":"2011-04-19T13:36:36","slug":"flere-quilts-til-japan","status":"publish","type":"post","link":"http:\/\/www.syenlap.dk\/?p=10086","title":{"rendered":"Flere quilts til Japan"},"content":{"rendered":"<p>Nu h\u00e5ber jeg, at vi snart f\u00e5r en kontaktadresse til de t\u00e6pper, der bliver syet til Japan &#8211; vi vil jo ogs\u00e5 gerne have dem derud!<\/p>\n<p>I g\u00e5r fik jeg 3 t\u00e6pper, de 2 af dem er syet af h\u00e5ndfarvede stoffer, meget blide i farverne<\/p>\n<p><a href=\"http:\/\/www.syenlap.dk\/wp-content\/uploads\/2011\/04\/aase-2.jpg\" rel=\"lightbox[10086]\"><img loading=\"lazy\" decoding=\"async\" class=\"aligncenter size-full wp-image-10087\" title=\"aase 2\" src=\"http:\/\/www.syenlap.dk\/wp-content\/uploads\/2011\/04\/aase-2.jpg\" alt=\"\" width=\"500\" height=\"564\" \/><\/a><\/p>\n<p><a href=\"http:\/\/www.syenlap.dk\/wp-content\/uploads\/2011\/04\/aase-1.jpg\" rel=\"lightbox[10086]\"><img loading=\"lazy\" decoding=\"async\" class=\"aligncenter size-full wp-image-10088\" title=\"aase 1\" src=\"http:\/\/www.syenlap.dk\/wp-content\/uploads\/2011\/04\/aase-1.jpg\" alt=\"\" width=\"500\" height=\"584\" \/><\/a><\/p>\n<p>Der er l\u00e6kker fleece p\u00e5 bagsiden af dem begge, og Aase fortalte, at da hun k\u00f8bte fleecen og fortalte, hvad det skulle bruges til, s\u00e5 skulle hun ikke betale for det!<\/p>\n<p><a href=\"http:\/\/www.syenlap.dk\/wp-content\/uploads\/2011\/04\/aase-3.jpg\" rel=\"lightbox[10086]\"><img loading=\"lazy\" decoding=\"async\" class=\"aligncenter size-full wp-image-10089\" title=\"aase 3\" src=\"http:\/\/www.syenlap.dk\/wp-content\/uploads\/2011\/04\/aase-3.jpg\" alt=\"\" width=\"500\" height=\"536\" \/><\/a><\/p>\n<p>Det 3. t\u00e6ppe er syet af hendes veninde, meget fint og enkelt.<\/p>\n","protected":false},"excerpt":{"rendered":"<p>Nu h\u00e5ber jeg, at vi snart f\u00e5r en kontaktadresse til de t\u00e6pper, der bliver syet til Japan &#8211; vi vil jo ogs\u00e5 gerne have dem derud! I g\u00e5r fik jeg 3 t\u00e6pper, de 2 af dem er syet af h\u00e5ndfarvede &hellip; <a href=\"http:\/\/www.syenlap.dk\/?p=10086\">L\u00e6s resten <span class=\"meta-nav\">&rarr;<\/span><\/a><\/p>\n","protected":false},"author":2,"featured_media":0,"comment_status":"open","ping_status":"open","sticky":false,"template":"","format":"standard","meta":{"footnotes":""},"categories":[15],"tags":[53],"class_list":["post-10086","post","type-post","status-publish","format-standard","hentry","category-patchwork","tag-quilts-til-japan"],"_links":{"self":[{"href":"http:\/\/www.syenlap.dk\/index.php?rest_route=\/wp\/v2\/posts\/10086","targetHints":{"allow":["GET"]}}],"collection":[{"href":"http:\/\/www.syenlap.dk\/index.php?rest_route=\/wp\/v2\/posts"}],"about":[{"href":"http:\/\/www.syenlap.dk\/index.php?rest_route=\/wp\/v2\/types\/post"}],"author":[{"embeddable":true,"href":"http:\/\/www.syenlap.dk\/index.php?rest_route=\/wp\/v2\/users\/2"}],"replies":[{"embeddable":true,"href":"http:\/\/www.syenlap.dk\/index.php?rest_route=%2Fwp%2Fv2%2Fcomments&post=10086"}],"version-history":[{"count":0,"href":"http:\/\/www.syenlap.dk\/index.php?rest_route=\/wp\/v2\/posts\/10086\/revisions"}],"wp:attachment":[{"href":"http:\/\/www.syenlap.dk\/index.php?rest_route=%2Fwp%2Fv2%2Fmedia&parent=10086"}],"wp:term":[{"taxonomy":"category","embeddable":true,"href":"http:\/\/www.syenlap.dk\/index.php?rest_route=%2Fwp%2Fv2%2Fcategories&post=10086"},{"taxonomy":"post_tag","embeddable":true,"href":"http:\/\/www.syenlap.dk\/index.php?rest_route=%2Fwp%2Fv2%2Ftags&post=10086"}],"curies":[{"name":"wp","href":"https:\/\/api.w.org\/{rel}","templated":true}]}}