{"id":10110,"date":"2011-04-23T10:21:38","date_gmt":"2011-04-23T08:21:38","guid":{"rendered":"http:\/\/www.syenlap.dk\/?p=10110"},"modified":"2011-04-23T10:21:38","modified_gmt":"2011-04-23T08:21:38","slug":"paske-have-quiltning","status":"publish","type":"post","link":"http:\/\/www.syenlap.dk\/?p=10110","title":{"rendered":"P\u00e5ske &#8211; have &#8211; quiltning"},"content":{"rendered":"<p><a href=\"http:\/\/www.syenlap.dk\/wp-content\/uploads\/2011\/04\/p\u00e5ske-aurikler.jpg\" rel=\"lightbox[10110]\"><img loading=\"lazy\" decoding=\"async\" class=\"aligncenter size-full wp-image-10111\" title=\"p\u00e5ske aurikler\" src=\"http:\/\/www.syenlap.dk\/wp-content\/uploads\/2011\/04\/p\u00e5ske-aurikler.jpg\" alt=\"\" width=\"500\" height=\"449\" \/><\/a><\/p>\n<p>Selv om haven b\u00e6rer pr\u00e6g af, at S\u00f8rens h\u00e5nd ikke har v\u00e6ret der i de sidste 3 \u00e5r, fra han blev syg og ikke havde kr\u00e6fterne, s\u00e5 er den alligevel smuk nu, og man kan trods alt se, hvor fint, han anlagde det hele. Jeg nyder at se kugle-auriklerne, de gammeldags aurikler og nu ogs\u00e5 enkelte azalaer..<\/p>\n<p><a href=\"http:\/\/www.syenlap.dk\/wp-content\/uploads\/2011\/04\/p\u00e5ske-tulipaner.jpg\" rel=\"lightbox[10110]\"><img loading=\"lazy\" decoding=\"async\" class=\"aligncenter size-full wp-image-10112\" title=\"p\u00e5ske tulipaner\" src=\"http:\/\/www.syenlap.dk\/wp-content\/uploads\/2011\/04\/p\u00e5ske-tulipaner.jpg\" alt=\"\" width=\"500\" height=\"439\" \/><\/a><\/p>\n<p>..de flotte orange tulipaner, der er kommet til at st\u00e5 ikke ved siden af &#8211; men under en kraftigt voksende parykbusk: de er n\u00e6rmest ikke til at komme til at plukke! Engang havde vi mange, mange tulipaner, men de er ikke blevet taget op og plejet, s\u00e5 de er g\u00e5et til.<\/p>\n<p>Havemanden &#8211; som jeg ikke ville undv\u00e6re &#8211; er nok en smule mere h\u00e5rd med kultivatoren, end S\u00f8ren var med &#8220;Kl\u00f8r Fem&#8221;, som han foretrak, s\u00e5 mange sm\u00e5 for\u00e5rsblomster som violer, minip\u00e5skeliljer og perlehyacinther er desv\u00e6rre n\u00e6sten v\u00e6k.<\/p>\n<p><a href=\"http:\/\/www.syenlap.dk\/wp-content\/uploads\/2011\/04\/p\u00e5ske-indenfor-h\u00e6k.jpg\" rel=\"lightbox[10110]\"><img loading=\"lazy\" decoding=\"async\" class=\"aligncenter size-full wp-image-10113\" title=\"p\u00e5ske indenfor h\u00e6k\" src=\"http:\/\/www.syenlap.dk\/wp-content\/uploads\/2011\/04\/p\u00e5ske-indenfor-h\u00e6k.jpg\" alt=\"\" width=\"500\" height=\"667\" \/><\/a><\/p>\n<p>Men\u00a0p\u00e5skeliljerne, som S\u00f8ren plantede &#8211;\u00a0delte og plantede &#8211; og delte og plantede\u00a0i mange \u00e5r, de st\u00e5r i utallige m\u00e6ngder b\u00e5de p\u00e5 indersiden af h\u00e6kken..<\/p>\n<p><a href=\"http:\/\/www.syenlap.dk\/wp-content\/uploads\/2011\/04\/p\u00e5ske-udenfor-h\u00e6k.jpg\" rel=\"lightbox[10110]\"><img loading=\"lazy\" decoding=\"async\" class=\"aligncenter size-full wp-image-10114\" title=\"p\u00e5ske udenfor h\u00e6k\" src=\"http:\/\/www.syenlap.dk\/wp-content\/uploads\/2011\/04\/p\u00e5ske-udenfor-h\u00e6k.jpg\" alt=\"\" width=\"500\" height=\"667\" \/><\/a><\/p>\n<p>..og p\u00e5 ydersiden.<\/p>\n<p><a href=\"http:\/\/www.syenlap.dk\/wp-content\/uploads\/2011\/04\/p\u00e5ske-fortov.jpg\" rel=\"lightbox[10110]\"><img loading=\"lazy\" decoding=\"async\" class=\"aligncenter size-full wp-image-10115\" title=\"p\u00e5ske fortov\" src=\"http:\/\/www.syenlap.dk\/wp-content\/uploads\/2011\/04\/p\u00e5ske-fortov.jpg\" alt=\"\" width=\"500\" height=\"344\" \/><\/a><\/p>\n<p>I \u00e5r lige pr\u00e6cis til P\u00e5ske &#8211; det er s\u00e5 flot! Jeg skal have en buket plukket ind, til jeg f\u00e5r familien til p\u00e5skefrokost, men ikke f\u00f8r i sidste \u00f8jeblik, for de er fuldt udsprungne.<\/p>\n<p><a href=\"http:\/\/www.syenlap.dk\/wp-content\/uploads\/2011\/04\/p\u00e5ske-sne.jpg\" rel=\"lightbox[10110]\"><img loading=\"lazy\" decoding=\"async\" class=\"aligncenter size-full wp-image-10116\" title=\"p\u00e5ske sne\" src=\"http:\/\/www.syenlap.dk\/wp-content\/uploads\/2011\/04\/p\u00e5ske-sne.jpg\" alt=\"\" width=\"500\" height=\"409\" \/><\/a><\/p>\n<p>Det gik som forventet: det blev &#8220;snevejr&#8221; af dryssende kirseb\u00e6rblomster! Smukt at kigge ud p\u00e5, mens jeg quiltede p\u00e5 min &#8220;Asiatiske Quilt&#8221;.<\/p>\n<p><a href=\"http:\/\/www.syenlap.dk\/wp-content\/uploads\/2011\/04\/asian-bom-quiltning.jpg\" rel=\"lightbox[10110]\"><img loading=\"lazy\" decoding=\"async\" class=\"aligncenter size-full wp-image-10117\" title=\"asian bom quiltning\" src=\"http:\/\/www.syenlap.dk\/wp-content\/uploads\/2011\/04\/asian-bom-quiltning.jpg\" alt=\"\" width=\"500\" height=\"403\" \/><\/a><\/p>\n<p>Det gik over al forventning, jeg n\u00e5ede rigtig meget &#8211; og jeg n\u00f8d det!<\/p>\n<p>Bare rolig &#8211; jeg fik ogs\u00e5 tid til at sidde i solen med en god bog og min eftermiddagskaffe, men ikke for l\u00e6nge, jeg skulle n\u00f8dig have tilbageslag af hosten igen.<\/p>\n","protected":false},"excerpt":{"rendered":"<p>Selv om haven b\u00e6rer pr\u00e6g af, at S\u00f8rens h\u00e5nd ikke har v\u00e6ret der i de sidste 3 \u00e5r, fra han blev syg og ikke havde kr\u00e6fterne, s\u00e5 er den alligevel smuk nu, og man kan trods alt se, hvor fint, &hellip; <a href=\"http:\/\/www.syenlap.dk\/?p=10110\">L\u00e6s resten <span class=\"meta-nav\">&rarr;<\/span><\/a><\/p>\n","protected":false},"author":2,"featured_media":0,"comment_status":"open","ping_status":"open","sticky":false,"template":"","format":"standard","meta":{"footnotes":""},"categories":[3,8,15],"tags":[],"class_list":["post-10110","post","type-post","status-publish","format-standard","hentry","category-dagligdagen","category-haven","category-patchwork"],"_links":{"self":[{"href":"http:\/\/www.syenlap.dk\/index.php?rest_route=\/wp\/v2\/posts\/10110","targetHints":{"allow":["GET"]}}],"collection":[{"href":"http:\/\/www.syenlap.dk\/index.php?rest_route=\/wp\/v2\/posts"}],"about":[{"href":"http:\/\/www.syenlap.dk\/index.php?rest_route=\/wp\/v2\/types\/post"}],"author":[{"embeddable":true,"href":"http:\/\/www.syenlap.dk\/index.php?rest_route=\/wp\/v2\/users\/2"}],"replies":[{"embeddable":true,"href":"http:\/\/www.syenlap.dk\/index.php?rest_route=%2Fwp%2Fv2%2Fcomments&post=10110"}],"version-history":[{"count":0,"href":"http:\/\/www.syenlap.dk\/index.php?rest_route=\/wp\/v2\/posts\/10110\/revisions"}],"wp:attachment":[{"href":"http:\/\/www.syenlap.dk\/index.php?rest_route=%2Fwp%2Fv2%2Fmedia&parent=10110"}],"wp:term":[{"taxonomy":"category","embeddable":true,"href":"http:\/\/www.syenlap.dk\/index.php?rest_route=%2Fwp%2Fv2%2Fcategories&post=10110"},{"taxonomy":"post_tag","embeddable":true,"href":"http:\/\/www.syenlap.dk\/index.php?rest_route=%2Fwp%2Fv2%2Ftags&post=10110"}],"curies":[{"name":"wp","href":"https:\/\/api.w.org\/{rel}","templated":true}]}}