{"id":10121,"date":"2011-04-23T18:51:42","date_gmt":"2011-04-23T16:51:42","guid":{"rendered":"http:\/\/www.syenlap.dk\/?p=10121"},"modified":"2011-04-23T18:51:42","modified_gmt":"2011-04-23T16:51:42","slug":"s%c3%b8rme-sa-hun-ka-sla-s%c3%b8m-i","status":"publish","type":"post","link":"http:\/\/www.syenlap.dk\/?p=10121","title":{"rendered":"S\u00f8rme s\u00e5 &#8211; hun ka&#039; sl\u00e5 s\u00f8m i!"},"content":{"rendered":"<p>Ja, hun kan &#8211; mig alts\u00e5!<\/p>\n<p><a href=\"http:\/\/www.syenlap.dk\/wp-content\/uploads\/2011\/04\/asian-bom-pr\u00f8veoph\u00e6ng-1.jpg\" rel=\"lightbox[10121]\"><img loading=\"lazy\" decoding=\"async\" class=\"aligncenter size-full wp-image-10122\" title=\"asian bom pr\u00f8veoph\u00e6ng 1\" src=\"http:\/\/www.syenlap.dk\/wp-content\/uploads\/2011\/04\/asian-bom-pr\u00f8veoph\u00e6ng-1.jpg\" alt=\"\" width=\"500\" height=\"658\" \/><\/a><\/p>\n<p>Lad mig sige det straks: det er en pr\u00f8veoph\u00e6ngning, for det er ikke f\u00e6rdigquiltet. Men s\u00e5 langt kom jeg. Alle kantblokkene (de 8-kantede blokke) og hj\u00f8rneblokkene er ikke quiltet, og m\u00e5ske skal der i det hele taget quiltes lidt mere. Men nu kunne det komme op at h\u00e6nge p\u00e5 det sted, hvor jeg tror, det skal h\u00e6nge efter udstillingen. Det sted passerer jeg mange gange dagligt, og jeg kan godt lide de livlige farver p\u00e5 et ellers lidt m\u00f8rkt sted i entr\u00e9en.<\/p>\n<p>Det er bare meget sv\u00e6rt at fotografere p\u00e5 det sted, for jeg f\u00e5r for lidt afstand.<\/p>\n<p><a href=\"http:\/\/www.syenlap.dk\/wp-content\/uploads\/2011\/04\/asian-bom-pr\u00f8veoph\u00e6ng-2.jpg\" rel=\"lightbox[10121]\"><img loading=\"lazy\" decoding=\"async\" class=\"aligncenter size-full wp-image-10123\" title=\"asian bom pr\u00f8veoph\u00e6ng 2\" src=\"http:\/\/www.syenlap.dk\/wp-content\/uploads\/2011\/04\/asian-bom-pr\u00f8veoph\u00e6ng-2.jpg\" alt=\"\" width=\"500\" height=\"672\" \/><\/a><\/p>\n<p>Her fra d\u00f8ren til kontoret (derfor g\u00e5r jeg forbi mange gange dagligt).<\/p>\n<p>Indr\u00f8mmet: v\u00e6rkt\u00f8j er ikke min st\u00e6rke side, jeg har nok ikke f\u00e5et lov! &#8211; og er m\u00e5ske heller ikke s\u00e5 god til det. Men det lykkedes i f\u00f8rste fors\u00f8g og uden at sl\u00e5 fingrene! Og det er kun ganske sm\u00e5 s\u00f8m, der er sl\u00e5et i, s\u00e5 der sker ikke ret meget ved det, hvis jeg fortryder.<\/p>\n<p>Jeg skal lige lufte min forundring: er det alle m\u00e6nd, der har s\u00e5dan en samling v\u00e6rkt\u00f8j, s\u00f8m og skruer mv? Jeg gad vide, hvad S\u00f8ren skulle bruge alt det til? Men m\u00e5ske var det bare godt at have dem i tilf\u00e6lde af&#8230;?<\/p>\n<p>K\u00e6mpestore s\u00f8m, lange s\u00f8m, mindre s\u00f8m, galvaniserede med sm\u00e5 og store hoveder &#8211; og skruer af enhver art. Og s\u00e5 stod jeg lige pludselig med en fin lille \u00e6ske med forskellige sm\u00e5 s\u00f8m &#8211; lige hvad <strong>jeg<\/strong> havde brug for!<\/p>\n<p>Det m\u00e5 blive &#8220;drengene&#8221; (s\u00f8nner\/svigers\u00f8n), der rydder op i alt det.<\/p>\n","protected":false},"excerpt":{"rendered":"<p>Ja, hun kan &#8211; mig alts\u00e5! Lad mig sige det straks: det er en pr\u00f8veoph\u00e6ngning, for det er ikke f\u00e6rdigquiltet. Men s\u00e5 langt kom jeg. Alle kantblokkene (de 8-kantede blokke) og hj\u00f8rneblokkene er ikke quiltet, og m\u00e5ske skal der i &hellip; <a href=\"http:\/\/www.syenlap.dk\/?p=10121\">L\u00e6s resten <span class=\"meta-nav\">&rarr;<\/span><\/a><\/p>\n","protected":false},"author":2,"featured_media":0,"comment_status":"open","ping_status":"open","sticky":false,"template":"","format":"standard","meta":{"footnotes":""},"categories":[15],"tags":[],"class_list":["post-10121","post","type-post","status-publish","format-standard","hentry","category-patchwork"],"_links":{"self":[{"href":"http:\/\/www.syenlap.dk\/index.php?rest_route=\/wp\/v2\/posts\/10121","targetHints":{"allow":["GET"]}}],"collection":[{"href":"http:\/\/www.syenlap.dk\/index.php?rest_route=\/wp\/v2\/posts"}],"about":[{"href":"http:\/\/www.syenlap.dk\/index.php?rest_route=\/wp\/v2\/types\/post"}],"author":[{"embeddable":true,"href":"http:\/\/www.syenlap.dk\/index.php?rest_route=\/wp\/v2\/users\/2"}],"replies":[{"embeddable":true,"href":"http:\/\/www.syenlap.dk\/index.php?rest_route=%2Fwp%2Fv2%2Fcomments&post=10121"}],"version-history":[{"count":0,"href":"http:\/\/www.syenlap.dk\/index.php?rest_route=\/wp\/v2\/posts\/10121\/revisions"}],"wp:attachment":[{"href":"http:\/\/www.syenlap.dk\/index.php?rest_route=%2Fwp%2Fv2%2Fmedia&parent=10121"}],"wp:term":[{"taxonomy":"category","embeddable":true,"href":"http:\/\/www.syenlap.dk\/index.php?rest_route=%2Fwp%2Fv2%2Fcategories&post=10121"},{"taxonomy":"post_tag","embeddable":true,"href":"http:\/\/www.syenlap.dk\/index.php?rest_route=%2Fwp%2Fv2%2Ftags&post=10121"}],"curies":[{"name":"wp","href":"https:\/\/api.w.org\/{rel}","templated":true}]}}