{"id":10200,"date":"2011-04-30T21:50:13","date_gmt":"2011-04-30T19:50:13","guid":{"rendered":"http:\/\/www.syenlap.dk\/?p=10200"},"modified":"2011-11-04T21:04:19","modified_gmt":"2011-11-04T19:04:19","slug":"udstilling-pa-sct-maria-hospice","status":"publish","type":"post","link":"http:\/\/www.syenlap.dk\/?p=10200","title":{"rendered":"Udstilling p\u00e5 Sct. Maria Hospice"},"content":{"rendered":"<p>Jeg er s\u00e5 tr\u00e6t i mine ben og f\u00f8dder af at klatre p\u00e5 en h\u00f8j stige og h\u00e6nge t\u00e6pper op, s\u00e5 jeg tror ikke, jeg kan\u00a0komme til konfirmation i morgen!!!<\/p>\n<p><a href=\"http:\/\/www.syenlap.dk\/wp-content\/uploads\/2011\/04\/udstilling.jpg\" rel=\"lightbox[10200]\"><img loading=\"lazy\" decoding=\"async\" class=\"aligncenter size-full wp-image-10201\" title=\"udstilling\" src=\"http:\/\/www.syenlap.dk\/wp-content\/uploads\/2011\/04\/udstilling.jpg\" alt=\"\" width=\"500\" height=\"379\" \/><\/a><\/p>\n<p>Det var ellers en dejlig oplevelse. Det er nogle smukke rum, lidt sk\u00e6ve kn\u00e6k p\u00e5 is\u00e6r den ene gang, hvor t\u00e6pperne skulle op at h\u00e6nge i dertil beregnede snore og kroge, det var bare ikke s\u00e5 nemt alene, selv den h\u00f8je stige var til r\u00e5dighed.<\/p>\n<p><a href=\"http:\/\/www.syenlap.dk\/wp-content\/uploads\/2011\/04\/gang-9.jpg\" rel=\"lightbox[10200]\"><img loading=\"lazy\" decoding=\"async\" class=\"aligncenter size-full wp-image-10202\" title=\"gang 9\" src=\"http:\/\/www.syenlap.dk\/wp-content\/uploads\/2011\/04\/gang-9.jpg\" alt=\"\" width=\"500\" height=\"408\" \/><\/a><\/p>\n<p>Men der var b\u00e5de p\u00e5r\u00f8rende og sygeplejersker, der hjalp mig, n\u00e5r de havde tid.<\/p>\n<p><a href=\"http:\/\/www.syenlap.dk\/wp-content\/uploads\/2011\/04\/gang-1.jpg\" rel=\"lightbox[10200]\"><img loading=\"lazy\" decoding=\"async\" class=\"aligncenter size-full wp-image-10203\" title=\"gang 1\" src=\"http:\/\/www.syenlap.dk\/wp-content\/uploads\/2011\/04\/gang-1.jpg\" alt=\"\" width=\"500\" height=\"352\" \/><\/a><\/p>\n<p>Og der var stor interesse fra b\u00e5de p\u00e5r\u00f8rende og de patienter, der var oppe.<\/p>\n<p><a href=\"http:\/\/www.syenlap.dk\/wp-content\/uploads\/2011\/04\/gang-2.jpg\" rel=\"lightbox[10200]\"><img loading=\"lazy\" decoding=\"async\" class=\"aligncenter size-full wp-image-10204\" title=\"gang 2\" src=\"http:\/\/www.syenlap.dk\/wp-content\/uploads\/2011\/04\/gang-2.jpg\" alt=\"\" width=\"500\" height=\"558\" \/><\/a><\/p>\n<p>Den nye <a href=\"http:\/\/www.kludekoner.dk\/forside.php?ssprog=dansk&amp;&amp;vispic=4696\" target=\"_blank\">&#8220;Asian Quilt&#8221;<\/a> lyser godt op.<\/p>\n<p><a href=\"http:\/\/www.syenlap.dk\/wp-content\/uploads\/2011\/04\/gang-3.jpg\" rel=\"lightbox[10200]\"><img loading=\"lazy\" decoding=\"async\" class=\"aligncenter size-full wp-image-10205\" title=\"gang 3\" src=\"http:\/\/www.syenlap.dk\/wp-content\/uploads\/2011\/04\/gang-3.jpg\" alt=\"\" width=\"500\" height=\"490\" \/><\/a><\/p>\n<p>De lyse opholdrum for enden af gangene gav ogs\u00e5 et fint spil af lys.<\/p>\n<p><a href=\"http:\/\/www.syenlap.dk\/wp-content\/uploads\/2011\/04\/gang-4.jpg\" rel=\"lightbox[10200]\"><img loading=\"lazy\" decoding=\"async\" class=\"aligncenter size-full wp-image-10206\" title=\"gang 4\" src=\"http:\/\/www.syenlap.dk\/wp-content\/uploads\/2011\/04\/gang-4.jpg\" alt=\"\" width=\"500\" height=\"375\" \/><\/a><\/p>\n<p>Det gjaldt bare om at h\u00e6nge de lidt m\u00f8rkere t\u00e6pper op, s\u00e5 de fik lys og omvendt! Den lille <a href=\"http:\/\/www.kludekoner.dk\/forside.php?ssprog=dansk&amp;&amp;vispic=1178\" target=\"_blank\">&#8220;Tytteb\u00e6rskoven&#8221;<\/a> passer godt sammen med <a href=\"http:\/\/www.kludekoner.dk\/forside.php?ssprog=dansk&amp;&amp;vispic=970\" target=\"_blank\">&#8220;Kimono-t\u00e6ppet&#8221;.<\/a><\/p>\n<p><a href=\"http:\/\/www.syenlap.dk\/wp-content\/uploads\/2011\/04\/gang-7.jpg\" rel=\"lightbox[10200]\"><img loading=\"lazy\" decoding=\"async\" class=\"aligncenter size-full wp-image-10207\" title=\"gang 7\" src=\"http:\/\/www.syenlap.dk\/wp-content\/uploads\/2011\/04\/gang-7.jpg\" alt=\"\" width=\"500\" height=\"527\" \/><\/a><\/p>\n<p><a href=\"http:\/\/www.syenlap.dk\/wp-content\/uploads\/2011\/04\/gang-5.jpg\" rel=\"lightbox[10200]\"><img loading=\"lazy\" decoding=\"async\" class=\"aligncenter size-full wp-image-10208\" title=\"gang 5\" src=\"http:\/\/www.syenlap.dk\/wp-content\/uploads\/2011\/04\/gang-5.jpg\" alt=\"\" width=\"500\" height=\"599\" \/><\/a><\/p>\n<p><a href=\"http:\/\/www.syenlap.dk\/wp-content\/uploads\/2011\/04\/gang-6.jpg\" rel=\"lightbox[10200]\"><img loading=\"lazy\" decoding=\"async\" class=\"aligncenter size-full wp-image-10209\" title=\"gang 6\" src=\"http:\/\/www.syenlap.dk\/wp-content\/uploads\/2011\/04\/gang-6.jpg\" alt=\"\" width=\"500\" height=\"554\" \/><\/a><\/p>\n<p>De &#8220;Kinesiske M\u00f8ller&#8221; er i flere udgaver, <a href=\"http:\/\/www.kludekoner.dk\/forside.php?ssprog=dansk&amp;&amp;vispic=4659\" target=\"_blank\">her<\/a>..<\/p>\n<p><a href=\"http:\/\/www.syenlap.dk\/wp-content\/uploads\/2011\/04\/gang-8.jpg\" rel=\"lightbox[10200]\"><img loading=\"lazy\" decoding=\"async\" class=\"aligncenter size-full wp-image-10210\" title=\"gang 8\" src=\"http:\/\/www.syenlap.dk\/wp-content\/uploads\/2011\/04\/gang-8.jpg\" alt=\"\" width=\"500\" height=\"341\" \/><\/a><\/p>\n<p>..og <a href=\"http:\/\/www.kludekoner.dk\/forside.php?ssprog=dansk&amp;&amp;vispic=4313\" target=\"_blank\">her<\/a>.<\/p>\n<p><a href=\"http:\/\/www.syenlap.dk\/wp-content\/uploads\/2011\/04\/2-gang-1.jpg\" rel=\"lightbox[10200]\"><img loading=\"lazy\" decoding=\"async\" class=\"aligncenter size-full wp-image-10211\" title=\"2 gang 1\" src=\"http:\/\/www.syenlap.dk\/wp-content\/uploads\/2011\/04\/2-gang-1.jpg\" alt=\"\" width=\"500\" height=\"515\" \/><\/a><\/p>\n<p>I den anden gang var farver og lys helt anderledes, meget lysere. Her passer <a href=\"http:\/\/www.kludekoner.dk\/forside.php?ssprog=dansk&amp;&amp;vispic=881\" target=\"_blank\">t\u00e6ppet, syet japansk foldeteknik i h\u00f8r og batik<\/a>, godt. Den gang ligger ved siden af en utroligt lys og dejlig havestue..<\/p>\n<p><a href=\"http:\/\/www.syenlap.dk\/wp-content\/uploads\/2011\/04\/havestue.jpg\" rel=\"lightbox[10200]\"><img loading=\"lazy\" decoding=\"async\" class=\"aligncenter size-full wp-image-10212\" title=\"havestue\" src=\"http:\/\/www.syenlap.dk\/wp-content\/uploads\/2011\/04\/havestue.jpg\" alt=\"\" width=\"500\" height=\"445\" \/><\/a><\/p>\n<p>..hvor det <a href=\"http:\/\/www.kludekoner.dk\/forside.php?ssprog=dansk&amp;&amp;vispic=1150\" target=\"_blank\">bl\u00e5 t\u00e6ppe<\/a> kom rigtig til sin ret.\u00a0<\/p>\n<p><a href=\"http:\/\/www.syenlap.dk\/wp-content\/uploads\/2011\/04\/havestue-2.jpg\" rel=\"lightbox[10200]\"><img loading=\"lazy\" decoding=\"async\" class=\"aligncenter size-full wp-image-10213\" title=\"havestue 2\" src=\"http:\/\/www.syenlap.dk\/wp-content\/uploads\/2011\/04\/havestue-2.jpg\" alt=\"\" width=\"500\" height=\"616\" \/><\/a><\/p>\n<p>Dette t\u00e6ppe vakte ligefrem opsigt! Is\u00e6r en p\u00e5r\u00f8rende mand var vildt begejstret og ville kigge p\u00e5 det hver dag!<\/p>\n<p><a href=\"http:\/\/www.syenlap.dk\/wp-content\/uploads\/2011\/04\/montre.jpg\" rel=\"lightbox[10200]\"><img loading=\"lazy\" decoding=\"async\" class=\"aligncenter size-full wp-image-10214\" title=\"montre\" src=\"http:\/\/www.syenlap.dk\/wp-content\/uploads\/2011\/04\/montre.jpg\" alt=\"\" width=\"500\" height=\"862\" \/><\/a><\/p>\n<p>Endelig var der en glasmontre til mindre ting, f.eks. <a href=\"http:\/\/www.kludekoner.dk\/forside.php?ssprog=dansk&amp;&amp;vispic=527\" target=\"_blank\">S\u00f8rens japanske puder<\/a>\u00a0og den nye <a href=\"http:\/\/www.kludekoner.dk\/forside.php?ssprog=dansk&amp;&amp;vispic=4704\" target=\"_blank\">valkede taske<\/a>.<\/p>\n<p>Der kommer et par t\u00e6pper mere p\u00e5 mandag, for de bliver bragt fra K\u00f8benhavn i morgen!<\/p>\n<p>Jeg tror, mine f\u00f8dder tr\u00e6nger til et fodbad!<\/p>\n","protected":false},"excerpt":{"rendered":"<p>Jeg er s\u00e5 tr\u00e6t i mine ben og f\u00f8dder af at klatre p\u00e5 en h\u00f8j stige og h\u00e6nge t\u00e6pper op, s\u00e5 jeg tror ikke, jeg kan\u00a0komme til konfirmation i morgen!!! Det var ellers en dejlig oplevelse. Det er nogle smukke &hellip; <a href=\"http:\/\/www.syenlap.dk\/?p=10200\">L\u00e6s resten <span class=\"meta-nav\">&rarr;<\/span><\/a><\/p>\n","protected":false},"author":2,"featured_media":0,"comment_status":"open","ping_status":"open","sticky":false,"template":"","format":"standard","meta":{"footnotes":""},"categories":[12,15],"tags":[],"class_list":["post-10200","post","type-post","status-publish","format-standard","hentry","category-oplevelser","category-patchwork"],"_links":{"self":[{"href":"http:\/\/www.syenlap.dk\/index.php?rest_route=\/wp\/v2\/posts\/10200","targetHints":{"allow":["GET"]}}],"collection":[{"href":"http:\/\/www.syenlap.dk\/index.php?rest_route=\/wp\/v2\/posts"}],"about":[{"href":"http:\/\/www.syenlap.dk\/index.php?rest_route=\/wp\/v2\/types\/post"}],"author":[{"embeddable":true,"href":"http:\/\/www.syenlap.dk\/index.php?rest_route=\/wp\/v2\/users\/2"}],"replies":[{"embeddable":true,"href":"http:\/\/www.syenlap.dk\/index.php?rest_route=%2Fwp%2Fv2%2Fcomments&post=10200"}],"version-history":[{"count":1,"href":"http:\/\/www.syenlap.dk\/index.php?rest_route=\/wp\/v2\/posts\/10200\/revisions"}],"predecessor-version":[{"id":12797,"href":"http:\/\/www.syenlap.dk\/index.php?rest_route=\/wp\/v2\/posts\/10200\/revisions\/12797"}],"wp:attachment":[{"href":"http:\/\/www.syenlap.dk\/index.php?rest_route=%2Fwp%2Fv2%2Fmedia&parent=10200"}],"wp:term":[{"taxonomy":"category","embeddable":true,"href":"http:\/\/www.syenlap.dk\/index.php?rest_route=%2Fwp%2Fv2%2Fcategories&post=10200"},{"taxonomy":"post_tag","embeddable":true,"href":"http:\/\/www.syenlap.dk\/index.php?rest_route=%2Fwp%2Fv2%2Ftags&post=10200"}],"curies":[{"name":"wp","href":"https:\/\/api.w.org\/{rel}","templated":true}]}}