{"id":10226,"date":"2011-05-01T22:27:25","date_gmt":"2011-05-01T20:27:25","guid":{"rendered":"http:\/\/www.syenlap.dk\/?p=10226"},"modified":"2011-05-01T22:27:25","modified_gmt":"2011-05-01T20:27:25","slug":"christians-store-dag","status":"publish","type":"post","link":"http:\/\/www.syenlap.dk\/?p=10226","title":{"rendered":"Christians store dag"},"content":{"rendered":"<p><a href=\"http:\/\/www.syenlap.dk\/wp-content\/uploads\/2011\/05\/chr-konfirmation-1.jpg\" rel=\"lightbox[10226]\"><img loading=\"lazy\" decoding=\"async\" class=\"aligncenter size-full wp-image-10227\" title=\"chr konfirmation 1\" src=\"http:\/\/www.syenlap.dk\/wp-content\/uploads\/2011\/05\/chr-konfirmation-1.jpg\" alt=\"\" width=\"500\" height=\"405\" \/><\/a><\/p>\n<p>Det var en flot konfirmation i Sct. Michaelis kirke i Fredericia, hvor 2 klasser fra 2 private skoler blev konfirmeret. Dvs Christians klasse eksisterer jo ikke mere, for hans skole lukkede f\u00f8r jul, men kammeraterne fortsatte med konfirmationsforberedelse og blev konfirmeret sammen, selv om de nu g\u00e5r p\u00e5 forskellige skole.<\/p>\n<p>Her st\u00e5r Christian bagerst til h\u00f8jre.<\/p>\n<p><a href=\"http:\/\/www.syenlap.dk\/wp-content\/uploads\/2011\/05\/christians-t\u00e6ppe.jpg\" rel=\"lightbox[10226]\"><img loading=\"lazy\" decoding=\"async\" class=\"aligncenter size-full wp-image-10228\" title=\"christians t\u00e6ppe\" src=\"http:\/\/www.syenlap.dk\/wp-content\/uploads\/2011\/05\/christians-t\u00e6ppe.jpg\" alt=\"\" width=\"500\" height=\"421\" \/><\/a><\/p>\n<p>Her kommer bare et par billeder, der kommer flere i morgen. Christian blev meget glad for sit t\u00e6ppe, som hans Mormor ogs\u00e5 godt kunne lide!<\/p>\n<p><a href=\"http:\/\/www.syenlap.dk\/wp-content\/uploads\/2011\/05\/christians-t\u00e6ppe-2.jpg\" rel=\"lightbox[10226]\"><img loading=\"lazy\" decoding=\"async\" class=\"aligncenter size-full wp-image-10229\" title=\"christians t\u00e6ppe 2\" src=\"http:\/\/www.syenlap.dk\/wp-content\/uploads\/2011\/05\/christians-t\u00e6ppe-2.jpg\" alt=\"\" width=\"500\" height=\"596\" \/><\/a><\/p>\n<p>Og han opdagede med det samme signaturen p\u00e5 bagsiden, som Bente har maskinbroderet for mig.<\/p>\n<p>Det har v\u00e6ret en dejlig dag for os allesammen.<\/p>\n","protected":false},"excerpt":{"rendered":"<p>Det var en flot konfirmation i Sct. Michaelis kirke i Fredericia, hvor 2 klasser fra 2 private skoler blev konfirmeret. Dvs Christians klasse eksisterer jo ikke mere, for hans skole lukkede f\u00f8r jul, men kammeraterne fortsatte med konfirmationsforberedelse og blev &hellip; <a href=\"http:\/\/www.syenlap.dk\/?p=10226\">L\u00e6s resten <span class=\"meta-nav\">&rarr;<\/span><\/a><\/p>\n","protected":false},"author":2,"featured_media":0,"comment_status":"open","ping_status":"open","sticky":false,"template":"","format":"standard","meta":{"footnotes":""},"categories":[5,15],"tags":[],"class_list":["post-10226","post","type-post","status-publish","format-standard","hentry","category-familien","category-patchwork"],"_links":{"self":[{"href":"http:\/\/www.syenlap.dk\/index.php?rest_route=\/wp\/v2\/posts\/10226","targetHints":{"allow":["GET"]}}],"collection":[{"href":"http:\/\/www.syenlap.dk\/index.php?rest_route=\/wp\/v2\/posts"}],"about":[{"href":"http:\/\/www.syenlap.dk\/index.php?rest_route=\/wp\/v2\/types\/post"}],"author":[{"embeddable":true,"href":"http:\/\/www.syenlap.dk\/index.php?rest_route=\/wp\/v2\/users\/2"}],"replies":[{"embeddable":true,"href":"http:\/\/www.syenlap.dk\/index.php?rest_route=%2Fwp%2Fv2%2Fcomments&post=10226"}],"version-history":[{"count":0,"href":"http:\/\/www.syenlap.dk\/index.php?rest_route=\/wp\/v2\/posts\/10226\/revisions"}],"wp:attachment":[{"href":"http:\/\/www.syenlap.dk\/index.php?rest_route=%2Fwp%2Fv2%2Fmedia&parent=10226"}],"wp:term":[{"taxonomy":"category","embeddable":true,"href":"http:\/\/www.syenlap.dk\/index.php?rest_route=%2Fwp%2Fv2%2Fcategories&post=10226"},{"taxonomy":"post_tag","embeddable":true,"href":"http:\/\/www.syenlap.dk\/index.php?rest_route=%2Fwp%2Fv2%2Ftags&post=10226"}],"curies":[{"name":"wp","href":"https:\/\/api.w.org\/{rel}","templated":true}]}}