{"id":10297,"date":"2011-05-07T00:02:07","date_gmt":"2011-05-06T22:02:07","guid":{"rendered":"http:\/\/www.syenlap.dk\/?p=10297"},"modified":"2011-05-07T00:02:07","modified_gmt":"2011-05-06T22:02:07","slug":"aktivitet-t%c3%a6pper-til-m%c3%b8drehj%c3%a6lpen","status":"publish","type":"post","link":"http:\/\/www.syenlap.dk\/?p=10297","title":{"rendered":"Aktivitet t\u00e6pper til M\u00f8drehj\u00e6lpen"},"content":{"rendered":"<p>I Vitus Bering Quilterne begyndte vi ved en &#8220;marathon-syning&#8221; 4. marts p\u00e5 at <a href=\"http:\/\/www.syenlap.dk\/?p=9737\" target=\"_blank\">sy leget\u00e6pper til M\u00f8drehj\u00e6lpen<\/a> i Horsens.<\/p>\n<p><a href=\"http:\/\/www.syenlap.dk\/wp-content\/uploads\/2011\/05\/vb-babyquilt-1.jpg\" rel=\"lightbox[10297]\"><\/a><\/p>\n<p><a href=\"http:\/\/www.syenlap.dk\/wp-content\/uploads\/2011\/05\/vb-babyquilt-11.jpg\" rel=\"lightbox[10297]\"><img loading=\"lazy\" decoding=\"async\" class=\"aligncenter size-full wp-image-10308\" title=\"vb babyquilt 1\" src=\"http:\/\/www.syenlap.dk\/wp-content\/uploads\/2011\/05\/vb-babyquilt-11.jpg\" alt=\"\" width=\"500\" height=\"425\" \/><\/a><\/p>\n<p>Der er syet blokke 2 syaftner, og nogle har haft &#8220;hjemmearbejde&#8221; &#8211; men s\u00e5 var der ogs\u00e5 klar til at sortere og l\u00e6gge op til 10 t\u00e6pper med hver 49 blokke.<\/p>\n<p><a href=\"http:\/\/www.syenlap.dk\/wp-content\/uploads\/2011\/05\/vb-babyquilt-2.jpg\" rel=\"lightbox[10297]\"><img loading=\"lazy\" decoding=\"async\" class=\"aligncenter size-full wp-image-10299\" title=\"vb babyquilt 2\" src=\"http:\/\/www.syenlap.dk\/wp-content\/uploads\/2011\/05\/vb-babyquilt-2.jpg\" alt=\"\" width=\"500\" height=\"667\" \/><\/a><\/p>\n<p>Hvert t\u00e6ppe har en bundfarve i blokkene, syet i japansk foldeteknik. Bundfarvestofferne + vat har foreningen indk\u00f8bt, og de kul\u00f8rte firkanter har medlemmerne leveret.<\/p>\n<p><a href=\"http:\/\/www.syenlap.dk\/wp-content\/uploads\/2011\/05\/vb-babyquilt-3.jpg\" rel=\"lightbox[10297]\"><img loading=\"lazy\" decoding=\"async\" class=\"aligncenter size-full wp-image-10300\" title=\"vb babyquilt 3\" src=\"http:\/\/www.syenlap.dk\/wp-content\/uploads\/2011\/05\/vb-babyquilt-3.jpg\" alt=\"\" width=\"500\" height=\"375\" \/><\/a><\/p>\n<p>Nu blev hver bunke arrangeret med ca 40 blokke i hver sin bundfarve + ca 9 i kontrastfarver.<\/p>\n<p><img loading=\"lazy\" decoding=\"async\" title=\"vb babyquilt 5\" src=\"http:\/\/www.syenlap.dk\/wp-content\/uploads\/2011\/05\/vb-babyquilt-5.jpg\" alt=\"\" width=\"500\" height=\"419\" \/><\/p>\n<p><a href=\"http:\/\/www.syenlap.dk\/wp-content\/uploads\/2011\/05\/vb-babyquilt-4.jpg\" rel=\"lightbox[10297]\"><img loading=\"lazy\" decoding=\"async\" class=\"aligncenter size-full wp-image-10301\" title=\"vb babyquilt 4\" src=\"http:\/\/www.syenlap.dk\/wp-content\/uploads\/2011\/05\/vb-babyquilt-4.jpg\" alt=\"\" width=\"500\" height=\"537\" \/><\/a><\/p>\n<p>Og s\u00e5 gik man i gang med at sy sammen.<\/p>\n<p><a href=\"http:\/\/www.syenlap.dk\/wp-content\/uploads\/2011\/05\/vb-babyquilt-6.jpg\" rel=\"lightbox[10297]\"><img loading=\"lazy\" decoding=\"async\" class=\"aligncenter size-full wp-image-10303\" title=\"vb babyquilt 6\" src=\"http:\/\/www.syenlap.dk\/wp-content\/uploads\/2011\/05\/vb-babyquilt-6.jpg\" alt=\"\" width=\"500\" height=\"667\" \/><\/a><\/p>\n<p>Der blev syet mange r\u00e6kker sammen p\u00e5 \u00e9n aften, og resten er taget med hjem, s\u00e5 de er forh\u00e5bentlig alle f\u00e6rdige inden sidste syaften, f\u00f8r vi holder sommerferie. Det er g\u00e5et kvikt, og det har v\u00e6ret sjovt at lave et f\u00e6lles projekt.<\/p>\n<p>Skal vi g\u00f8re det igen en anden gang?<\/p>\n","protected":false},"excerpt":{"rendered":"<p>I Vitus Bering Quilterne begyndte vi ved en &#8220;marathon-syning&#8221; 4. marts p\u00e5 at sy leget\u00e6pper til M\u00f8drehj\u00e6lpen i Horsens. Der er syet blokke 2 syaftner, og nogle har haft &#8220;hjemmearbejde&#8221; &#8211; men s\u00e5 var der ogs\u00e5 klar til at sortere &hellip; <a href=\"http:\/\/www.syenlap.dk\/?p=10297\">L\u00e6s resten <span class=\"meta-nav\">&rarr;<\/span><\/a><\/p>\n","protected":false},"author":2,"featured_media":0,"comment_status":"open","ping_status":"open","sticky":false,"template":"","format":"standard","meta":{"footnotes":""},"categories":[12,15],"tags":[63],"class_list":["post-10297","post","type-post","status-publish","format-standard","hentry","category-oplevelser","category-patchwork","tag-vitus-bering-quilterne"],"_links":{"self":[{"href":"http:\/\/www.syenlap.dk\/index.php?rest_route=\/wp\/v2\/posts\/10297","targetHints":{"allow":["GET"]}}],"collection":[{"href":"http:\/\/www.syenlap.dk\/index.php?rest_route=\/wp\/v2\/posts"}],"about":[{"href":"http:\/\/www.syenlap.dk\/index.php?rest_route=\/wp\/v2\/types\/post"}],"author":[{"embeddable":true,"href":"http:\/\/www.syenlap.dk\/index.php?rest_route=\/wp\/v2\/users\/2"}],"replies":[{"embeddable":true,"href":"http:\/\/www.syenlap.dk\/index.php?rest_route=%2Fwp%2Fv2%2Fcomments&post=10297"}],"version-history":[{"count":0,"href":"http:\/\/www.syenlap.dk\/index.php?rest_route=\/wp\/v2\/posts\/10297\/revisions"}],"wp:attachment":[{"href":"http:\/\/www.syenlap.dk\/index.php?rest_route=%2Fwp%2Fv2%2Fmedia&parent=10297"}],"wp:term":[{"taxonomy":"category","embeddable":true,"href":"http:\/\/www.syenlap.dk\/index.php?rest_route=%2Fwp%2Fv2%2Fcategories&post=10297"},{"taxonomy":"post_tag","embeddable":true,"href":"http:\/\/www.syenlap.dk\/index.php?rest_route=%2Fwp%2Fv2%2Ftags&post=10297"}],"curies":[{"name":"wp","href":"https:\/\/api.w.org\/{rel}","templated":true}]}}