{"id":10518,"date":"2011-05-22T14:43:35","date_gmt":"2011-05-22T12:43:35","guid":{"rendered":"http:\/\/www.syenlap.dk\/?p=10518"},"modified":"2011-05-22T14:43:35","modified_gmt":"2011-05-22T12:43:35","slug":"et-stort-dejligt-quilteprojekt","status":"publish","type":"post","link":"http:\/\/www.syenlap.dk\/?p=10518","title":{"rendered":"Et stort dejligt quilteprojekt"},"content":{"rendered":"<p>Jeg h\u00e5ndquilter &#8211; et rigtig dejligt, omend meget stort projekt.<\/p>\n<p><a href=\"http:\/\/www.syenlap.dk\/wp-content\/uploads\/2011\/05\/220511-quiltning.jpg\" rel=\"lightbox[10518]\"><img loading=\"lazy\" decoding=\"async\" class=\"aligncenter size-full wp-image-10519\" title=\"220511 quiltning\" src=\"http:\/\/www.syenlap.dk\/wp-content\/uploads\/2011\/05\/220511-quiltning.jpg\" alt=\"\" width=\"500\" height=\"405\" \/><\/a><\/p>\n<p>Et dobbelt senget\u00e6ppe, som jeg har p\u00e5taget mig at quilte, noget jeg ikke g\u00f8r s\u00e5 tit for andre, men der er en s\u00e6rlig historie bag dette.<\/p>\n<p><a href=\"http:\/\/www.syenlap.dk\/wp-content\/uploads\/2011\/05\/220511-quiltning-2.jpg\" rel=\"lightbox[10518]\"><img loading=\"lazy\" decoding=\"async\" class=\"aligncenter size-full wp-image-10520\" title=\"220511 quiltning 2\" src=\"http:\/\/www.syenlap.dk\/wp-content\/uploads\/2011\/05\/220511-quiltning-2.jpg\" alt=\"\" width=\"500\" height=\"430\" \/><\/a><\/p>\n<p>Det er p\u00e6nt syet i fine, bl\u00f8de, d\u00e6mpede\u00a0farver, s\u00e5 det er en forn\u00f8jelse at quilte det. Jeg har heller ikke noget imod, at det er mere d\u00e6mpede farver, end jeg oftest bruger, jeg kan godt lide det.<\/p>\n<p>Jeg er n\u00f8dt til at folde det sammen for at det ikke skal flyde hen ad gulvet! Og s\u00e5 quilte et stykke ad gangen, jeg har jo den store quilteramme p\u00e5 s\u00f8jle, det hj\u00e6lper meget, ellers ville det v\u00e6re alt for tungt at sidde med.<\/p>\n<p>Jeg har altid syntes, at der er noget n\u00e6sten mediativt (tror jeg &#8211; jeg har aldrig mediteret) ved at h\u00e5ndquilte et stort t\u00e6ppe, tankerne flyver, og det virker beroligende!<\/p>\n<p>Mens jeg quilter dette, har jeg tankerne p\u00e5 n\u00e6ste afsnit at min <a href=\"http:\/\/www.syenlap.dk\/?page_id=9496\" target=\"_blank\">Gr\u00f8nlandskr\u00f8nike<\/a>, jeg ved godt, at der er nogle, der venter p\u00e5 det, men jeg skal v\u00e6re klar til det.<\/p>\n","protected":false},"excerpt":{"rendered":"<p>Jeg h\u00e5ndquilter &#8211; et rigtig dejligt, omend meget stort projekt. Et dobbelt senget\u00e6ppe, som jeg har p\u00e5taget mig at quilte, noget jeg ikke g\u00f8r s\u00e5 tit for andre, men der er en s\u00e6rlig historie bag dette. Det er p\u00e6nt syet &hellip; <a href=\"http:\/\/www.syenlap.dk\/?p=10518\">L\u00e6s resten <span class=\"meta-nav\">&rarr;<\/span><\/a><\/p>\n","protected":false},"author":2,"featured_media":0,"comment_status":"open","ping_status":"open","sticky":false,"template":"","format":"standard","meta":{"footnotes":""},"categories":[15],"tags":[],"class_list":["post-10518","post","type-post","status-publish","format-standard","hentry","category-patchwork"],"_links":{"self":[{"href":"http:\/\/www.syenlap.dk\/index.php?rest_route=\/wp\/v2\/posts\/10518","targetHints":{"allow":["GET"]}}],"collection":[{"href":"http:\/\/www.syenlap.dk\/index.php?rest_route=\/wp\/v2\/posts"}],"about":[{"href":"http:\/\/www.syenlap.dk\/index.php?rest_route=\/wp\/v2\/types\/post"}],"author":[{"embeddable":true,"href":"http:\/\/www.syenlap.dk\/index.php?rest_route=\/wp\/v2\/users\/2"}],"replies":[{"embeddable":true,"href":"http:\/\/www.syenlap.dk\/index.php?rest_route=%2Fwp%2Fv2%2Fcomments&post=10518"}],"version-history":[{"count":0,"href":"http:\/\/www.syenlap.dk\/index.php?rest_route=\/wp\/v2\/posts\/10518\/revisions"}],"wp:attachment":[{"href":"http:\/\/www.syenlap.dk\/index.php?rest_route=%2Fwp%2Fv2%2Fmedia&parent=10518"}],"wp:term":[{"taxonomy":"category","embeddable":true,"href":"http:\/\/www.syenlap.dk\/index.php?rest_route=%2Fwp%2Fv2%2Fcategories&post=10518"},{"taxonomy":"post_tag","embeddable":true,"href":"http:\/\/www.syenlap.dk\/index.php?rest_route=%2Fwp%2Fv2%2Ftags&post=10518"}],"curies":[{"name":"wp","href":"https:\/\/api.w.org\/{rel}","templated":true}]}}