{"id":1059,"date":"2008-11-07T18:15:07","date_gmt":"2008-11-07T16:15:07","guid":{"rendered":"http:\/\/www.syenlap.dk\/?p=1059"},"modified":"2008-11-07T18:15:07","modified_gmt":"2008-11-07T16:15:07","slug":"julegave-sjal","status":"publish","type":"post","link":"http:\/\/www.syenlap.dk\/?p=1059","title":{"rendered":"Julegave-sjal"},"content":{"rendered":"<p><a href=\"http:\/\/www.syenlap.dk\/wp-content\/uploads\/2008\/11\/tosca-sjal1.jpg\" rel=\"lightbox[1059]\"><\/a><a href=\"http:\/\/www.syenlap.dk\/wp-content\/uploads\/2008\/11\/tosca-sjal.jpg\" rel=\"lightbox[1059]\"><\/a><\/p>\n<p><a href=\"http:\/\/www.syenlap.dk\/wp-content\/uploads\/2008\/11\/tosca-sjal2.jpg\" rel=\"lightbox[1059]\"><\/a><\/p>\n<p><a href=\"http:\/\/www.syenlap.dk\/wp-content\/uploads\/2008\/11\/tosca-sjal3.jpg\" rel=\"lightbox[1059]\"><img loading=\"lazy\" decoding=\"async\" class=\"alignnone size-full wp-image-1070\" title=\"tosca-sjal3\" src=\"http:\/\/www.syenlap.dk\/wp-content\/uploads\/2008\/11\/tosca-sjal3.jpg\" alt=\"\" width=\"400\" height=\"472\" \/><\/a><\/p>\n<p>Den f\u00f8rste hjemmelavede julegave er f\u00e6rdig, vasket og udsp\u00e6ndt.<\/p>\n<p>Et utroligt l\u00e6kkert, let og bl\u00f8dt sjal, strikket i Tosca <a href=\"http:\/\/www.markno.dk\/group.asp?group=2729\" target=\"_blank\">herfra<\/a>. De\u00a0nye smukke farver er meget fine. Og s\u00e5 er det jo noget, der g\u00e5r hurtigt p\u00e5 pinde nr 7. Denne sort\/gr\u00e5 variation med et strejf af lys rosa vil falde i modtagerens smag, det er jeg ikke i tvivl om!<\/p>\n<p>Jeg har et udvalg af kits i forskellige farver med\u00a0til <a href=\"http:\/\/www.hanneshjemmeside.dk\/\" target=\"_blank\">MINI MESSE<\/a> hos HANNE i Vejerslev p\u00e5 s\u00f8ndag, efter aftale med Marianne.<\/p>\n<p><a href=\"http:\/\/www.syenlap.dk\/wp-content\/uploads\/2008\/11\/tosca-sjal-3.jpg\" rel=\"lightbox[1059]\"><img loading=\"lazy\" decoding=\"async\" class=\"alignleft size-medium wp-image-1062\" title=\"tosca-sjal-3\" src=\"http:\/\/www.syenlap.dk\/wp-content\/uploads\/2008\/11\/tosca-sjal-3-300x172.jpg\" alt=\"\" width=\"300\" height=\"172\" \/><\/a><\/p>\n<p>\u00a0<\/p>\n<p>\u00a0<\/p>\n<p>\u00a0<\/p>\n<p>\u00a0<\/p>\n<p>\u00a0<\/p>\n<p>\u00a0<\/p>\n<p>\u00a0<\/p>\n<p><a href=\"http:\/\/www.syenlap.dk\/wp-content\/uploads\/2008\/11\/tosca-sjal-2.jpg\" rel=\"lightbox[1059]\"><\/a><\/p>\n<p><a href=\"http:\/\/www.syenlap.dk\/wp-content\/uploads\/2008\/11\/tosca-sjal-22.jpg\" rel=\"lightbox[1059]\"><img loading=\"lazy\" decoding=\"async\" class=\"alignright size-medium wp-image-1074\" title=\"tosca-sjal-22\" src=\"http:\/\/www.syenlap.dk\/wp-content\/uploads\/2008\/11\/tosca-sjal-22-183x300.jpg\" alt=\"\" width=\"183\" height=\"300\" \/><\/a><\/p>\n<p>\u00a0<\/p>\n<p>Det kunne godt friste at strikke et til mig selv ogs\u00e5,<br \/>\nder er et par lilla og et r\u00f8dt kit, der ku&#8217; blive flotte &#8211; hm!<\/p>\n<p><a href=\"http:\/\/www.syenlap.dk\/wp-content\/uploads\/2008\/11\/tosca-sjal-21.jpg\" rel=\"lightbox[1059]\"><\/a><\/p>\n","protected":false},"excerpt":{"rendered":"<p>Den f\u00f8rste hjemmelavede julegave er f\u00e6rdig, vasket og udsp\u00e6ndt. Et utroligt l\u00e6kkert, let og bl\u00f8dt sjal, strikket i Tosca herfra. De\u00a0nye smukke farver er meget fine. Og s\u00e5 er det jo noget, der g\u00e5r hurtigt p\u00e5 pinde nr 7. Denne &hellip; <a href=\"http:\/\/www.syenlap.dk\/?p=1059\">L\u00e6s resten <span class=\"meta-nav\">&rarr;<\/span><\/a><\/p>\n","protected":false},"author":2,"featured_media":0,"comment_status":"open","ping_status":"open","sticky":false,"template":"","format":"standard","meta":{"footnotes":""},"categories":[16],"tags":[],"class_list":["post-1059","post","type-post","status-publish","format-standard","hentry","category-strik"],"_links":{"self":[{"href":"http:\/\/www.syenlap.dk\/index.php?rest_route=\/wp\/v2\/posts\/1059","targetHints":{"allow":["GET"]}}],"collection":[{"href":"http:\/\/www.syenlap.dk\/index.php?rest_route=\/wp\/v2\/posts"}],"about":[{"href":"http:\/\/www.syenlap.dk\/index.php?rest_route=\/wp\/v2\/types\/post"}],"author":[{"embeddable":true,"href":"http:\/\/www.syenlap.dk\/index.php?rest_route=\/wp\/v2\/users\/2"}],"replies":[{"embeddable":true,"href":"http:\/\/www.syenlap.dk\/index.php?rest_route=%2Fwp%2Fv2%2Fcomments&post=1059"}],"version-history":[{"count":0,"href":"http:\/\/www.syenlap.dk\/index.php?rest_route=\/wp\/v2\/posts\/1059\/revisions"}],"wp:attachment":[{"href":"http:\/\/www.syenlap.dk\/index.php?rest_route=%2Fwp%2Fv2%2Fmedia&parent=1059"}],"wp:term":[{"taxonomy":"category","embeddable":true,"href":"http:\/\/www.syenlap.dk\/index.php?rest_route=%2Fwp%2Fv2%2Fcategories&post=1059"},{"taxonomy":"post_tag","embeddable":true,"href":"http:\/\/www.syenlap.dk\/index.php?rest_route=%2Fwp%2Fv2%2Ftags&post=1059"}],"curies":[{"name":"wp","href":"https:\/\/api.w.org\/{rel}","templated":true}]}}