{"id":10617,"date":"2011-05-27T10:51:25","date_gmt":"2011-05-27T08:51:25","guid":{"rendered":"http:\/\/www.syenlap.dk\/?p=10617"},"modified":"2011-05-27T10:51:25","modified_gmt":"2011-05-27T08:51:25","slug":"jeg-er-n%c3%a6sten-helt-v%c3%a6k","status":"publish","type":"post","link":"http:\/\/www.syenlap.dk\/?p=10617","title":{"rendered":"Jeg er n\u00e6sten helt &quot;v\u00e6k&quot;.."},"content":{"rendered":"<p>..n\u00e5r jeg skriver p\u00e5 min Gr\u00f8nlandskr\u00f8nike. Det 4. afsnit er snart klar, om den f\u00f8rste tid i Godth\u00e5b, efter at vi havde holdt bryllup og ferie i DK &#8211; m\u00f8blering af &#8220;vores&#8221; nye hus &#8211; det bringer igen minderne frem. Det er fint, at jeg har alle S\u00f8rens over 1000 lysbilleder at plukke i, men det er ogs\u00e5 et stort arbejde at redigere dem. Og s\u00e5 kommer jeg jo til at fordybe mig i billederne..<\/p>\n<p><a href=\"http:\/\/www.syenlap.dk\/wp-content\/uploads\/2011\/05\/kerteminde-for\u00e5r-1964-spidshuset.jpg\" rel=\"lightbox[10617]\"><img loading=\"lazy\" decoding=\"async\" class=\"aligncenter size-full wp-image-10618\" title=\"kerteminde for\u00e5r 1964 spidshuset\" src=\"http:\/\/www.syenlap.dk\/wp-content\/uploads\/2011\/05\/kerteminde-for\u00e5r-1964-spidshuset.jpg\" alt=\"\" width=\"500\" height=\"339\" \/><\/a><\/p>\n<p>..ogs\u00e5 dem, der ikke har noget med Gr\u00f8nland at g\u00f8re, som f.eks. dette fra &#8220;Spidshuset&#8221;, den weekendhytte, som min far og hans gamle spejderkammerater havde som m\u00f8dested (mandfolkeklubhus) uden for Odense\u00a0i n\u00e6sten hele deres voksenliv. Denne aprildag for 47 \u00e5r siden, lige efter vores hjemkomst, lavede vi en familieudflugt, s\u00e5 S\u00f8ren ogs\u00e5 kunne se det.<\/p>\n<p><a href=\"http:\/\/www.syenlap.dk\/wp-content\/uploads\/2011\/05\/kerteminde-for\u00e5r-1964-spidshuset2.jpg\" rel=\"lightbox[10617]\"><img loading=\"lazy\" decoding=\"async\" class=\"aligncenter size-full wp-image-10621\" title=\"kerteminde for\u00e5r 1964 spidshuset2\" src=\"http:\/\/www.syenlap.dk\/wp-content\/uploads\/2011\/05\/kerteminde-for\u00e5r-1964-spidshuset2.jpg\" alt=\"\" width=\"500\" height=\"385\" \/><\/a><\/p>\n<p>Mine for\u00e6ldre, min \u00e6ldste s\u00f8ster (de 2 yngste ligger i gr\u00e6sset bagved og skal v\u00e6re hurtigt brune!) &#8211; her havde vi tilbragt mange sommer weekender, ikke mindst under krigen, hvor vi cyklede derud (b\u00f8rnene\u00a0i en anh\u00e6nger efter cyklen, &#8220;p\u00e5 stangen&#8221; og senere selv) og m\u00f8dtes med de andre familier.<\/p>\n<p><a href=\"http:\/\/www.syenlap.dk\/wp-content\/uploads\/2011\/05\/kerteminde-sommer-1964.jpg\" rel=\"lightbox[10617]\"><img loading=\"lazy\" decoding=\"async\" class=\"aligncenter size-full wp-image-10619\" title=\"kerteminde sommer 1964\" src=\"http:\/\/www.syenlap.dk\/wp-content\/uploads\/2011\/05\/kerteminde-sommer-1964.jpg\" alt=\"\" width=\"500\" height=\"340\" \/><\/a><\/p>\n<p>Eller her, den nygifte brud med den flotte Volvo Amazon.<\/p>\n<p><a href=\"http:\/\/www.syenlap.dk\/wp-content\/uploads\/2011\/05\/kjellerup-sommer-1964.jpg\" rel=\"lightbox[10617]\"><img loading=\"lazy\" decoding=\"async\" class=\"aligncenter size-full wp-image-10620\" title=\"kjellerup sommer 1964\" src=\"http:\/\/www.syenlap.dk\/wp-content\/uploads\/2011\/05\/kjellerup-sommer-1964.jpg\" alt=\"\" width=\"500\" height=\"583\" \/><\/a><\/p>\n<p>Og forberedelsen til S\u00f8rens 30 \u00e5rs f\u00f8dselsdag hos hans mor,\u00a0sammen med svogeren.<\/p>\n<p>Og nu er de allesammen v\u00e6k!<\/p>\n<p>Jeg er min svigerdatter meget taknemmelig, fordi hun har scannet alle de lysbilleder, s\u00e5 jeg kan kalde dem frem og bruge dem!<\/p>\n","protected":false},"excerpt":{"rendered":"<p>..n\u00e5r jeg skriver p\u00e5 min Gr\u00f8nlandskr\u00f8nike. Det 4. afsnit er snart klar, om den f\u00f8rste tid i Godth\u00e5b, efter at vi havde holdt bryllup og ferie i DK &#8211; m\u00f8blering af &#8220;vores&#8221; nye hus &#8211; det bringer igen minderne frem. &hellip; <a href=\"http:\/\/www.syenlap.dk\/?p=10617\">L\u00e6s resten <span class=\"meta-nav\">&rarr;<\/span><\/a><\/p>\n","protected":false},"author":2,"featured_media":0,"comment_status":"open","ping_status":"open","sticky":false,"template":"","format":"standard","meta":{"footnotes":""},"categories":[5,7],"tags":[],"class_list":["post-10617","post","type-post","status-publish","format-standard","hentry","category-familien","category-glder-og-sorger"],"_links":{"self":[{"href":"http:\/\/www.syenlap.dk\/index.php?rest_route=\/wp\/v2\/posts\/10617","targetHints":{"allow":["GET"]}}],"collection":[{"href":"http:\/\/www.syenlap.dk\/index.php?rest_route=\/wp\/v2\/posts"}],"about":[{"href":"http:\/\/www.syenlap.dk\/index.php?rest_route=\/wp\/v2\/types\/post"}],"author":[{"embeddable":true,"href":"http:\/\/www.syenlap.dk\/index.php?rest_route=\/wp\/v2\/users\/2"}],"replies":[{"embeddable":true,"href":"http:\/\/www.syenlap.dk\/index.php?rest_route=%2Fwp%2Fv2%2Fcomments&post=10617"}],"version-history":[{"count":0,"href":"http:\/\/www.syenlap.dk\/index.php?rest_route=\/wp\/v2\/posts\/10617\/revisions"}],"wp:attachment":[{"href":"http:\/\/www.syenlap.dk\/index.php?rest_route=%2Fwp%2Fv2%2Fmedia&parent=10617"}],"wp:term":[{"taxonomy":"category","embeddable":true,"href":"http:\/\/www.syenlap.dk\/index.php?rest_route=%2Fwp%2Fv2%2Fcategories&post=10617"},{"taxonomy":"post_tag","embeddable":true,"href":"http:\/\/www.syenlap.dk\/index.php?rest_route=%2Fwp%2Fv2%2Ftags&post=10617"}],"curies":[{"name":"wp","href":"https:\/\/api.w.org\/{rel}","templated":true}]}}