{"id":10679,"date":"2011-05-28T16:25:27","date_gmt":"2011-05-28T14:25:27","guid":{"rendered":"http:\/\/www.syenlap.dk\/?p=10679"},"modified":"2011-05-28T16:25:27","modified_gmt":"2011-05-28T14:25:27","slug":"ro-til-at-sy","status":"publish","type":"post","link":"http:\/\/www.syenlap.dk\/?p=10679","title":{"rendered":"Ro til at sy"},"content":{"rendered":"<p>N\u00e5r jeg skriver\u00a0afsnit til Gr\u00f8nlandskr\u00f8niken, har jeg ikke ro til at sy &#8211; jo n\u00e5r jeg quilter, kan jeg godt have en tekst til at forme sig i hovedet, men n\u00e5r jeg s\u00e5 g\u00e5r i gang med at skrive og lave billeder, s\u00e5 er det ikke tanker for andet.<\/p>\n<p>Stakkels Whisky stod og hylede ved siden af mig for at komme ud p\u00e5 formiddagstur i g\u00e5r, men jeg skulle liiige&#8230;<\/p>\n<p>Og da vi s\u00e5 kom ud, silede regnen ned, s\u00e5 han vendte om, liges\u00e5 snart han havde tisset.<\/p>\n<p>I dag er jeg afslappet, for nu er det afsnit udgivet. Det n\u00e6ste, som er en direkte forts\u00e6ttelse, kommer nok snart, for det blev delvist skrevet samtidig.<\/p>\n<p><a href=\"http:\/\/www.syenlap.dk\/wp-content\/uploads\/2011\/05\/kanrens-blokke.jpg\" rel=\"lightbox[10679]\"><img loading=\"lazy\" decoding=\"async\" class=\"aligncenter size-full wp-image-10680\" title=\"kanrens blokke\" src=\"http:\/\/www.syenlap.dk\/wp-content\/uploads\/2011\/05\/kanrens-blokke.jpg\" alt=\"\" width=\"500\" height=\"343\" \/><\/a><\/p>\n<p>Men nu skal jeg lige lave noget helt andet, og jeg har lovet at montere et puttet\u00e6ppe, som Karen har syet blokkene til efter 2010-m\u00f8nsteret. Karen er n\u00e6sten 92 \u00e5r gammel og syede sidste \u00e5r blokkene til <a href=\"http:\/\/www.syenlap.dk\/?p=8070\" target=\"_blank\">dette puttet\u00e6ppe<\/a>, og hun ville gerne sy et mere i samme m\u00f8nster, men andre farver. Hun syr s\u00e5 utroligt fint &#8211; s\u00e5 fint, at da jeg skulle rette en lille fejl, hun har lavet, m\u00e5tte jeg opgive at spr\u00e6tte op, der hvor hun har syet nogle dele forkert sammen! Det er hurtigere at sy en ny blok.<\/p>\n<p>Jeg har et meget l\u00e6kkert bagsidestof, som en af Kludekonerne har givet os, i perfekte farver, s\u00e5 jeg skulle lige finde en farve til de stolper, jeg vil sy imellem. Den rosa til h\u00f8jre var lige p\u00e5 lager, og den kan ikke v\u00e6re bedre.<\/p>\n<p><a href=\"http:\/\/www.syenlap.dk\/wp-content\/uploads\/2011\/05\/grydelapper-m-\u00e6bler.jpg\" rel=\"lightbox[10679]\"><img loading=\"lazy\" decoding=\"async\" class=\"aligncenter size-full wp-image-10683\" title=\"grydelapper m \u00e6bler\" src=\"http:\/\/www.syenlap.dk\/wp-content\/uploads\/2011\/05\/grydelapper-m-\u00e6bler.jpg\" alt=\"\" width=\"500\" height=\"412\" \/><\/a><\/p>\n<p>Jeg har ogs\u00e5 syet 2 par grydelapper til den swap, vi har vedtaget p\u00e5 24.dk Et par med hjerteform og \u00e6blestof..<\/p>\n<p><a href=\"http:\/\/www.syenlap.dk\/wp-content\/uploads\/2011\/05\/grydelapper-m-\u00e6bler-bag.jpg\" rel=\"lightbox[10679]\"><img loading=\"lazy\" decoding=\"async\" class=\"aligncenter size-full wp-image-10682\" title=\"grydelapper m \u00e6bler bag\" src=\"http:\/\/www.syenlap.dk\/wp-content\/uploads\/2011\/05\/grydelapper-m-\u00e6bler-bag.jpg\" alt=\"\" width=\"500\" height=\"537\" \/><\/a><\/p>\n<p>..her bagsiden.<\/p>\n<p><a href=\"http:\/\/www.syenlap.dk\/wp-content\/uploads\/2011\/05\/grydelapper-orange1.jpg\" rel=\"lightbox[10679]\"><img loading=\"lazy\" decoding=\"async\" class=\"aligncenter size-full wp-image-10684\" title=\"grydelapper orange\" src=\"http:\/\/www.syenlap.dk\/wp-content\/uploads\/2011\/05\/grydelapper-orange1.jpg\" alt=\"\" width=\"500\" height=\"465\" \/><\/a><\/p>\n<p>Og dette par i livlige farver. Dejlige store grydelapper, og begge par foret med thermolam, det eneste rigtige. Jeg h\u00e5ber at modtagerne bliver glade for dem, og s\u00e5 h\u00e5ber jeg at f\u00e5 2 gode par tilbage!<\/p>\n","protected":false},"excerpt":{"rendered":"<p>N\u00e5r jeg skriver\u00a0afsnit til Gr\u00f8nlandskr\u00f8niken, har jeg ikke ro til at sy &#8211; jo n\u00e5r jeg quilter, kan jeg godt have en tekst til at forme sig i hovedet, men n\u00e5r jeg s\u00e5 g\u00e5r i gang med at skrive og &hellip; <a href=\"http:\/\/www.syenlap.dk\/?p=10679\">L\u00e6s resten <span class=\"meta-nav\">&rarr;<\/span><\/a><\/p>\n","protected":false},"author":2,"featured_media":0,"comment_status":"open","ping_status":"open","sticky":false,"template":"","format":"standard","meta":{"footnotes":""},"categories":[15],"tags":[],"class_list":["post-10679","post","type-post","status-publish","format-standard","hentry","category-patchwork"],"_links":{"self":[{"href":"http:\/\/www.syenlap.dk\/index.php?rest_route=\/wp\/v2\/posts\/10679","targetHints":{"allow":["GET"]}}],"collection":[{"href":"http:\/\/www.syenlap.dk\/index.php?rest_route=\/wp\/v2\/posts"}],"about":[{"href":"http:\/\/www.syenlap.dk\/index.php?rest_route=\/wp\/v2\/types\/post"}],"author":[{"embeddable":true,"href":"http:\/\/www.syenlap.dk\/index.php?rest_route=\/wp\/v2\/users\/2"}],"replies":[{"embeddable":true,"href":"http:\/\/www.syenlap.dk\/index.php?rest_route=%2Fwp%2Fv2%2Fcomments&post=10679"}],"version-history":[{"count":0,"href":"http:\/\/www.syenlap.dk\/index.php?rest_route=\/wp\/v2\/posts\/10679\/revisions"}],"wp:attachment":[{"href":"http:\/\/www.syenlap.dk\/index.php?rest_route=%2Fwp%2Fv2%2Fmedia&parent=10679"}],"wp:term":[{"taxonomy":"category","embeddable":true,"href":"http:\/\/www.syenlap.dk\/index.php?rest_route=%2Fwp%2Fv2%2Fcategories&post=10679"},{"taxonomy":"post_tag","embeddable":true,"href":"http:\/\/www.syenlap.dk\/index.php?rest_route=%2Fwp%2Fv2%2Ftags&post=10679"}],"curies":[{"name":"wp","href":"https:\/\/api.w.org\/{rel}","templated":true}]}}