{"id":10720,"date":"2011-05-30T16:50:20","date_gmt":"2011-05-30T14:50:20","guid":{"rendered":"http:\/\/www.syenlap.dk\/?p=10720"},"modified":"2011-05-30T16:50:20","modified_gmt":"2011-05-30T14:50:20","slug":"godt-nyt-om-quilts-til-japan","status":"publish","type":"post","link":"http:\/\/www.syenlap.dk\/?p=10720","title":{"rendered":"Godt nyt om quilts til Japan!"},"content":{"rendered":"<p>Pyh ha, det lettede!<\/p>\n<p>Der er s\u00e5 mange, der har syet flotte quilts til nogle af de mennesker, der har mistet alt i forbindelse med jordsk\u00e6lv og Tsunami i Japan &#8211; b\u00e5de enkeltvis og i grupper.<\/p>\n<p>Men det viste sig vanskeligt at f\u00e5 dem sendt. Vi skulle vente med at sende dem, fordi forbindelseslinierne internt i Japan var ufremkommelige. Og det var ikke s\u00e5 nemt at finde financiering af fragten.<\/p>\n<p>Men nu er det lykkedes! <strong>Symaskinefirmaet Brother<\/strong> b\u00e5de pakker og sender alle de quilts, der er syet!<\/p>\n<p>S\u00e5 nu skal de samles sammen, s\u00e5 de kan blive sendt p\u00e5 \u00e9n gang.<\/p>\n<p>I Hejnsvig er Birgith ved at l\u00e6gge sidste h\u00e5nd p\u00e5 quilt nr. 10 til Japan, s\u00e5 hun er ogs\u00e5 glad for, at det nu er sikkert, at de kommer af sted. Her er \u00e9n af hendes smukke quilts.<\/p>\n<p><a href=\"http:\/\/www.syenlap.dk\/wp-content\/uploads\/2011\/05\/quilt-til-japan-6.jpg\" rel=\"lightbox[10720]\"><img loading=\"lazy\" decoding=\"async\" class=\"aligncenter size-full wp-image-10722\" title=\"&lt;SAMSUNG DIGITAL CAMERA&gt;\" src=\"http:\/\/www.syenlap.dk\/wp-content\/uploads\/2011\/05\/quilt-til-japan-6.jpg\" alt=\"\" width=\"500\" height=\"614\" \/><\/a><\/p>\n<p>Det er s\u00e5 heldigt, at en repr\u00e6sentant for Brother bor i Kolding, s\u00e5 hun vil tage &#8220;de jyske og fynske&#8221; quilts med til K\u00f8benhavn. Og det passer heldigvis\u00a0med at\u00a0der er Quiltefestival i Aulby Kr. Himmelfartsdag 2. juni og fredag 3. juni, hvor mange af os i forvejen har planlagt at deltage, s\u00e5 kan vi m\u00f8des der og samle alle quilts sammen, s\u00e5 s\u00f8rger jeg for, at hun f\u00e5r dem.<\/p>\n<p>P\u00e5 Sj\u00e6lland st\u00e5r Lisbet Borggren for indsamling,\u00a0kontakt Lisbet\u00a0 &#8211;\u00a0 se mailadresse p\u00e5 Dansk Patchwork Forenings hjemmeside under &#8220;projekter&#8221; &gt; Quilts til Japan.<\/p>\n<p>Evt. kan man sende til hende, hvis man ikke kommer til Aulby.<\/p>\n<p>Skulle der v\u00e6re flere, der gerne vil donere en quilt, str. baby:<\/p>\n<p><a href=\"http:\/\/www.syenlap.dk\/wp-content\/uploads\/2011\/05\/quilt-til-japan-3-350.jpg\" rel=\"lightbox[10720]\"><img loading=\"lazy\" decoding=\"async\" class=\"aligncenter size-full wp-image-10727\" title=\"&lt;SAMSUNG DIGITAL CAMERA&gt;\" src=\"http:\/\/www.syenlap.dk\/wp-content\/uploads\/2011\/05\/quilt-til-japan-3-350.jpg\" alt=\"\" width=\"350\" height=\"308\" \/><\/a><a href=\"http:\/\/www.syenlap.dk\/wp-content\/uploads\/2011\/05\/quilt-til-japan-3.jpg\" rel=\"lightbox[10720]\"><\/a><\/p>\n<p>eller\u00a0voksen:<\/p>\n<p><a href=\"http:\/\/www.syenlap.dk\/wp-content\/uploads\/2011\/05\/quilt-til-japan-9.jpg\" rel=\"lightbox[10720]\"><img loading=\"lazy\" decoding=\"async\" class=\"aligncenter size-full wp-image-10725\" title=\"&lt;SAMSUNG DIGITAL CAMERA&gt;\" src=\"http:\/\/www.syenlap.dk\/wp-content\/uploads\/2011\/05\/quilt-til-japan-9.jpg\" alt=\"\" width=\"500\" height=\"418\" \/><\/a><\/p>\n<p>\u00a0&#8211; kan man stadig n\u00e5 at v\u00e6re med, men jeg skal g\u00f8re opm\u00e6rksom p\u00e5, at det skal v\u00e6re nye, ubrugte quilts.<\/p>\n<p>Jeg stiler efter at tage billeder af alle quilts, s\u00e5vel de, der er syet af enkeltpersoner, som de, der er syet i grupper, som f.eks. hos <a href=\"http:\/\/helenejuuldesign.blogspot.com\/2011\/04\/fantastiske-dage.html\" target=\"_blank\">Helene Juul<\/a>.<\/p>\n<p><strong>Sidste nyt:<\/strong>\u00a0<\/p>\n<p>Man kan ogs\u00e5 aflevere eller sende quilts til Japan til<\/p>\n<h3>Guldager Symaskiner, Ryesgade 31, 8000 \u00c5rhus C<\/h3>\n<p>eller<\/p>\n<h3>Leif Jensen &amp; Co. Symaskiner, Frederiksborgvej 45, 3200 Helsinge<\/h3>\n<h3>Quiltene skal v\u00e6re der senest mandag d. 6. juni.<\/h3>\n","protected":false},"excerpt":{"rendered":"<p>Pyh ha, det lettede! Der er s\u00e5 mange, der har syet flotte quilts til nogle af de mennesker, der har mistet alt i forbindelse med jordsk\u00e6lv og Tsunami i Japan &#8211; b\u00e5de enkeltvis og i grupper. Men det viste sig &hellip; <a href=\"http:\/\/www.syenlap.dk\/?p=10720\">L\u00e6s resten <span class=\"meta-nav\">&rarr;<\/span><\/a><\/p>\n","protected":false},"author":2,"featured_media":0,"comment_status":"open","ping_status":"open","sticky":false,"template":"","format":"standard","meta":{"footnotes":""},"categories":[7,15],"tags":[],"class_list":["post-10720","post","type-post","status-publish","format-standard","hentry","category-glder-og-sorger","category-patchwork"],"_links":{"self":[{"href":"http:\/\/www.syenlap.dk\/index.php?rest_route=\/wp\/v2\/posts\/10720","targetHints":{"allow":["GET"]}}],"collection":[{"href":"http:\/\/www.syenlap.dk\/index.php?rest_route=\/wp\/v2\/posts"}],"about":[{"href":"http:\/\/www.syenlap.dk\/index.php?rest_route=\/wp\/v2\/types\/post"}],"author":[{"embeddable":true,"href":"http:\/\/www.syenlap.dk\/index.php?rest_route=\/wp\/v2\/users\/2"}],"replies":[{"embeddable":true,"href":"http:\/\/www.syenlap.dk\/index.php?rest_route=%2Fwp%2Fv2%2Fcomments&post=10720"}],"version-history":[{"count":0,"href":"http:\/\/www.syenlap.dk\/index.php?rest_route=\/wp\/v2\/posts\/10720\/revisions"}],"wp:attachment":[{"href":"http:\/\/www.syenlap.dk\/index.php?rest_route=%2Fwp%2Fv2%2Fmedia&parent=10720"}],"wp:term":[{"taxonomy":"category","embeddable":true,"href":"http:\/\/www.syenlap.dk\/index.php?rest_route=%2Fwp%2Fv2%2Fcategories&post=10720"},{"taxonomy":"post_tag","embeddable":true,"href":"http:\/\/www.syenlap.dk\/index.php?rest_route=%2Fwp%2Fv2%2Ftags&post=10720"}],"curies":[{"name":"wp","href":"https:\/\/api.w.org\/{rel}","templated":true}]}}