{"id":10744,"date":"2011-05-31T11:02:02","date_gmt":"2011-05-31T09:02:02","guid":{"rendered":"http:\/\/www.syenlap.dk\/?p=10744"},"modified":"2011-05-31T11:02:02","modified_gmt":"2011-05-31T09:02:02","slug":"quiltefestival-i-aulby-middelfart-2-3-juni","status":"publish","type":"post","link":"http:\/\/www.syenlap.dk\/?p=10744","title":{"rendered":"Quiltefestival i Aulby, Middelfart 2. &#8211; 3. juni"},"content":{"rendered":"<p>S\u00e5 er det tid for den \u00e5rlige Quiltefestival p\u00e5 Aulby skole udenfor Middelfart. Det er p\u00e5 torsdag &#8211; Kr. Himmelfartsdag &#8211; den 2. juni og fredag 3. juni. Du kan l\u00e6se mere <a href=\"http:\/\/www.quiltefestival.dk\/\" target=\"_blank\">her<\/a>.<\/p>\n<p>Det er altid en rigtig hyggelig festival med udstillinger, workshops, caf\u00e9 og butikker mm.<\/p>\n<p>Og Projekt Puttet\u00e6pper har igen i \u00e5r en bod med udstilling af puttet\u00e6pper, med salg af 2011-m\u00f8nsteret og vores nye folder. Vi 3 i styregruppen er der p\u00e5 skift, s\u00e5 I kan f\u00e5 svar p\u00e5 alle sp\u00f8rgsm\u00e5l om puttet\u00e6pper til b\u00f8rn p\u00e5 julem\u00e6rkehjem. Og I kan se mange eksempler p\u00e5 nogle af de dejlige t\u00e6pper, der bliver syet.<\/p>\n<p>Vi gl\u00e6der os meget til at hilse p\u00e5 jer, og I m\u00e5 gerne aflevere puttet\u00e6pper til os, s\u00e5 sparer I portoen!<\/p>\n<p>Efter Quiltefestivalen bliver t\u00e6pperne bragt eller sendt til Kildemose p\u00e5 Sj\u00e6lland (de mindste t\u00e6pper til de mindste b\u00f8rn) og til Hobro (st\u00f8rre b\u00f8rn). Alle t\u00e6pper bliver givet til et barn som gave.<\/p>\n<p>L\u00e6s mere om Projekt Puttet\u00e6pper <a href=\"http:\/\/puttetaepper.dk\" target=\"_blank\">her<\/a>.<\/p>\n<div id=\"attachment_10750\" style=\"width: 510px\" class=\"wp-caption aligncenter\"><a href=\"http:\/\/www.syenlap.dk\/wp-content\/uploads\/2011\/05\/1105-birthe-m71.jpg\" rel=\"lightbox[10744]\"><img loading=\"lazy\" decoding=\"async\" aria-describedby=\"caption-attachment-10750\" class=\"size-full wp-image-10750\" title=\"1105 birthe m7\" src=\"http:\/\/www.syenlap.dk\/wp-content\/uploads\/2011\/05\/1105-birthe-m71.jpg\" alt=\"\" width=\"500\" height=\"616\" \/><\/a><p id=\"caption-attachment-10750\" class=\"wp-caption-text\">Puttet\u00e6ppe syet af Birthe Markussen med 2010-m\u00f8nsteret<\/p><\/div>\n<p><a href=\"http:\/\/www.syenlap.dk\/wp-content\/uploads\/2011\/05\/quilt-til-japan-4.jpg\" rel=\"lightbox[10744]\"><\/a><\/p>\n<dl><\/dl>\n","protected":false},"excerpt":{"rendered":"<p>S\u00e5 er det tid for den \u00e5rlige Quiltefestival p\u00e5 Aulby skole udenfor Middelfart. Det er p\u00e5 torsdag &#8211; Kr. Himmelfartsdag &#8211; den 2. juni og fredag 3. juni. Du kan l\u00e6se mere her. Det er altid en rigtig hyggelig festival &hellip; <a href=\"http:\/\/www.syenlap.dk\/?p=10744\">L\u00e6s resten <span class=\"meta-nav\">&rarr;<\/span><\/a><\/p>\n","protected":false},"author":2,"featured_media":0,"comment_status":"open","ping_status":"open","sticky":false,"template":"","format":"standard","meta":{"footnotes":""},"categories":[15],"tags":[],"class_list":["post-10744","post","type-post","status-publish","format-standard","hentry","category-patchwork"],"_links":{"self":[{"href":"http:\/\/www.syenlap.dk\/index.php?rest_route=\/wp\/v2\/posts\/10744","targetHints":{"allow":["GET"]}}],"collection":[{"href":"http:\/\/www.syenlap.dk\/index.php?rest_route=\/wp\/v2\/posts"}],"about":[{"href":"http:\/\/www.syenlap.dk\/index.php?rest_route=\/wp\/v2\/types\/post"}],"author":[{"embeddable":true,"href":"http:\/\/www.syenlap.dk\/index.php?rest_route=\/wp\/v2\/users\/2"}],"replies":[{"embeddable":true,"href":"http:\/\/www.syenlap.dk\/index.php?rest_route=%2Fwp%2Fv2%2Fcomments&post=10744"}],"version-history":[{"count":0,"href":"http:\/\/www.syenlap.dk\/index.php?rest_route=\/wp\/v2\/posts\/10744\/revisions"}],"wp:attachment":[{"href":"http:\/\/www.syenlap.dk\/index.php?rest_route=%2Fwp%2Fv2%2Fmedia&parent=10744"}],"wp:term":[{"taxonomy":"category","embeddable":true,"href":"http:\/\/www.syenlap.dk\/index.php?rest_route=%2Fwp%2Fv2%2Fcategories&post=10744"},{"taxonomy":"post_tag","embeddable":true,"href":"http:\/\/www.syenlap.dk\/index.php?rest_route=%2Fwp%2Fv2%2Ftags&post=10744"}],"curies":[{"name":"wp","href":"https:\/\/api.w.org\/{rel}","templated":true}]}}