{"id":10774,"date":"2011-06-03T09:06:46","date_gmt":"2011-06-03T07:06:46","guid":{"rendered":"http:\/\/www.syenlap.dk\/?p=10774"},"modified":"2011-06-03T09:06:46","modified_gmt":"2011-06-03T07:06:46","slug":"ny-dag-pa-quiltefestivalen-i-aulby-i-dag","status":"publish","type":"post","link":"http:\/\/www.syenlap.dk\/?p=10774","title":{"rendered":"Ny dag p\u00e5 Quiltefestivalen i Aulby i dag"},"content":{"rendered":"<p>Det var en forrygende dag i g\u00e5r p\u00e5 <a href=\"http:\/\/www.quiltefestival.dk\/\" target=\"_blank\">Quiltefestivalen<\/a>. Mange benyttede det fine vejr til at komme til det smukke Nordfyn for at bes\u00f8ge den hyggelige festival. Det forl\u00f8d, at der var mange, der kombinerede det med Kr\u00e6mmermarkedet under Lilleb\u00e6ltsbroen &#8211; eller m\u00e5ske sendte \u00e6gtemanden derover, mens de gik p\u00e5 stoffer i Aulby.<\/p>\n<p>Som bekendt har vi som tidligere \u00e5r en bod, hvor vi viser en hel masse puttet\u00e6pper til b\u00f8rn p\u00e5 julem\u00e6rkehjem og s\u00e6lger \u00e5rets m\u00f8nster. Og fra kl. 10.00 stod der t\u00e6ppetanter med favnen fuld af t\u00e6pper til os! Det var overv\u00e6ldende! Der blev ogs\u00e5 afleveret flotte blokke, som allerede er syet efter det nye m\u00f8nster. Laila havde syet 40 blokke af de samme stoffer, som vil blive syet sammen til \u00e9t helt t\u00e6ppe, det bliver rigtig flot.<\/p>\n<p>Og opfordringen til at komme med quilts til Japan og aflevere dem til mig, s\u00e5 de kan blive overdraget til Brothers repr\u00e6sentant i dag, virkede!<\/p>\n<p><strong>44 quilts til Japan blev afleveret i g\u00e5r!<\/strong> Det er virkelig flot! Og der kommer flere i dag, ved jeg. S\u00e5 n\u00e5r Irene fra Brother kommer og henter dem i dag for at tage dem til K\u00f8benhavn og pakke og sende dem til Japan sammen med de quilts, der kommer fra det \u00f8vrige Danmark, s\u00e5 tror jeg, at vi bliver godt repr\u00e6senteret.<\/p>\n<p>Jeg har taget billeder af dem allesammen i g\u00e5r aftes og skal nok vise dem, n\u00e5r jeg f\u00e5r behandlet de mange billeder. Det er meget fine quilts i gode st\u00f8rrelser &#8211; der er b\u00e5de sm\u00e5 babyquilts og store dejlige t\u00e6pper til st\u00f8rre b\u00f8rn og voksne. Flot indsats!<\/p>\n<p><strong>Quiltefestivalen<\/strong> er meget flot i \u00e5r. De deltagende butikker har mange flotte ting, modeller, stof og tilbeh\u00f8r. Og det er i \u00e5r butikkerne, der har f\u00e5et deres kunder til at vise quilts p\u00e5 udstillingerne. Der er virkelig mange smukke quilts at se p\u00e5, og nogen gange kan man se, hvilken butik, quilteren er kunde i! Det er noget med valg af farver og stil. Jeg er meget imponeret og vil senere vise mange af t\u00e6pperne p\u00e5 Kludekoner.dk. Men billederne er ikke klar endnu.<\/p>\n<p>Hvad er det, der g\u00f8r Quiltefestivalen til noget s\u00e6rligt? Det er nok den overskuelige st\u00f8rrelse sammenlignet med det store Tr\u00e6f, og s\u00e5 det engagement, man tydeligt m\u00e6rker fra alle de lokale hj\u00e6lpere.<\/p>\n<p>S\u00e5 lige om lidt g\u00e5r det l\u00f8s igen, og jeg gl\u00e6der mig lige s\u00e5 meget i dag. Det er meget hyggeligt at hilse p\u00e5 s\u00e5 mange t\u00e6ppetanter og p\u00e5 alle jer her fra bloggen, som jeg kan f\u00e5 sat ansigter p\u00e5!<\/p>\n","protected":false},"excerpt":{"rendered":"<p>Det var en forrygende dag i g\u00e5r p\u00e5 Quiltefestivalen. Mange benyttede det fine vejr til at komme til det smukke Nordfyn for at bes\u00f8ge den hyggelige festival. Det forl\u00f8d, at der var mange, der kombinerede det med Kr\u00e6mmermarkedet under Lilleb\u00e6ltsbroen &hellip; <a href=\"http:\/\/www.syenlap.dk\/?p=10774\">L\u00e6s resten <span class=\"meta-nav\">&rarr;<\/span><\/a><\/p>\n","protected":false},"author":2,"featured_media":0,"comment_status":"open","ping_status":"open","sticky":false,"template":"","format":"standard","meta":{"footnotes":""},"categories":[12,15],"tags":[],"class_list":["post-10774","post","type-post","status-publish","format-standard","hentry","category-oplevelser","category-patchwork"],"_links":{"self":[{"href":"http:\/\/www.syenlap.dk\/index.php?rest_route=\/wp\/v2\/posts\/10774","targetHints":{"allow":["GET"]}}],"collection":[{"href":"http:\/\/www.syenlap.dk\/index.php?rest_route=\/wp\/v2\/posts"}],"about":[{"href":"http:\/\/www.syenlap.dk\/index.php?rest_route=\/wp\/v2\/types\/post"}],"author":[{"embeddable":true,"href":"http:\/\/www.syenlap.dk\/index.php?rest_route=\/wp\/v2\/users\/2"}],"replies":[{"embeddable":true,"href":"http:\/\/www.syenlap.dk\/index.php?rest_route=%2Fwp%2Fv2%2Fcomments&post=10774"}],"version-history":[{"count":0,"href":"http:\/\/www.syenlap.dk\/index.php?rest_route=\/wp\/v2\/posts\/10774\/revisions"}],"wp:attachment":[{"href":"http:\/\/www.syenlap.dk\/index.php?rest_route=%2Fwp%2Fv2%2Fmedia&parent=10774"}],"wp:term":[{"taxonomy":"category","embeddable":true,"href":"http:\/\/www.syenlap.dk\/index.php?rest_route=%2Fwp%2Fv2%2Fcategories&post=10774"},{"taxonomy":"post_tag","embeddable":true,"href":"http:\/\/www.syenlap.dk\/index.php?rest_route=%2Fwp%2Fv2%2Ftags&post=10774"}],"curies":[{"name":"wp","href":"https:\/\/api.w.org\/{rel}","templated":true}]}}