{"id":1088,"date":"2008-11-10T01:35:57","date_gmt":"2008-11-09T23:35:57","guid":{"rendered":"http:\/\/www.syenlap.dk\/?p=1088"},"modified":"2008-11-10T01:35:57","modified_gmt":"2008-11-09T23:35:57","slug":"sikken-voldsom-tr%c3%a6ngsel-og-alarm","status":"publish","type":"post","link":"http:\/\/www.syenlap.dk\/?p=1088","title":{"rendered":"Sikken voldsom tr\u00e6ngsel og alarm!"},"content":{"rendered":"<p><a href=\"http:\/\/www.syenlap.dk\/wp-content\/uploads\/2008\/11\/mini-messe.jpg\" rel=\"lightbox[1088]\"><img loading=\"lazy\" decoding=\"async\" class=\"alignnone size-full wp-image-1090\" title=\"mini-messe\" src=\"http:\/\/www.syenlap.dk\/wp-content\/uploads\/2008\/11\/mini-messe.jpg\" alt=\"\" width=\"450\" height=\"259\" \/><\/a><\/p>\n<p>Det var ligesom en storm! Det lille forsamlingshus i Vejerslev blev n\u00e6sten v\u00e6ltet i l\u00f8bet af den f\u00f8rste \u00bd time til HANNE&#8217;s MINI MESSE i dag!<\/p>\n<p>Flagene vejede i storm og regn igennem Vejerslev, og med f\u00e5 hundrede meters afstand myldrede det med patchwork kunder OG mange medf\u00f8lgende m\u00e6nd i s\u00e5vel butikken som forsamlingshuset. Det meste af dagen gik, f\u00f8r jeg kunne &#8220;holde fri&#8221; og smutte hen og se butikken med tilh\u00f8rende nyt tilbuds-telt i haven.<\/p>\n<p><a href=\"http:\/\/www.syenlap.dk\/wp-content\/uploads\/2008\/11\/susse-quilter.jpg\" rel=\"lightbox[1088]\"><img loading=\"lazy\" decoding=\"async\" class=\"alignnone size-full wp-image-1091\" title=\"susse-quilter\" src=\"http:\/\/www.syenlap.dk\/wp-content\/uploads\/2008\/11\/susse-quilter.jpg\" alt=\"\" width=\"450\" height=\"334\" \/><\/a><\/p>\n<p>Projekt Puttet\u00e6pper manglede ikke opm\u00e6rksomhed, specielt var der mange, der skulle studere Susses demonstration af frih\u00e5nds maskinquiltning af puttet\u00e6pper p\u00e5 en ganske almindelig symaskine! Men vi afsatte ogs\u00e5\u00a0rigtig mange\u00a0foldere om vores dejlige projekt, og solgte\u00a0adskillige\u00a0m\u00f8nstre, som vi h\u00e5ber indbringer mange blokke til t\u00e6pper. Og s\u00e5 var det hyggeligt at m\u00f8de mange, som fortalte, at de var i gang med puttet\u00e6pper!<\/p>\n<p><a href=\"http:\/\/www.syenlap.dk\/wp-content\/uploads\/2008\/11\/danewood.jpg\" rel=\"lightbox[1088]\"><img loading=\"lazy\" decoding=\"async\" class=\"alignleft size-medium wp-image-1092\" title=\"danewood\" src=\"http:\/\/www.syenlap.dk\/wp-content\/uploads\/2008\/11\/danewood-300x271.jpg\" alt=\"\" width=\"300\" height=\"271\" \/><\/a><\/p>\n<p>\u00a0<\/p>\n<p><a href=\"http:\/\/www.danewood.dk\/\" target=\"_blank\">Danewood<\/a> viste mange forskellige quilterammer, og Lillian demonstrede.<\/p>\n<p>\u00a0<\/p>\n<p>\u00a0<\/p>\n<p>\u00a0<\/p>\n<p>\u00a0<\/p>\n<p>\u00a0<\/p>\n<p><a href=\"http:\/\/www.syenlap.dk\/wp-content\/uploads\/2008\/11\/alice.jpg\" rel=\"lightbox[1088]\"><img loading=\"lazy\" decoding=\"async\" class=\"alignright size-medium wp-image-1093\" title=\"alice\" src=\"http:\/\/www.syenlap.dk\/wp-content\/uploads\/2008\/11\/alice-300x248.jpg\" alt=\"\" width=\"300\" height=\"248\" \/><\/a><\/p>\n<p>\u00a0<\/p>\n<p><a href=\"http:\/\/www.af-tekstilbilleder.dk\/\" target=\"_blank\">Alice Frost<\/a> fra Vitus Bering Quilterne viste sine fine tekstilbilleder &#8211;<\/p>\n<p>\u00a0<\/p>\n<p>\u00a0<\/p>\n<p>\u00a0<\/p>\n<p>\u00a0<\/p>\n<p>\u00a0<\/p>\n<p><a href=\"http:\/\/www.syenlap.dk\/wp-content\/uploads\/2008\/11\/alice21.jpg\" rel=\"lightbox[1088]\"><img loading=\"lazy\" decoding=\"async\" class=\"alignleft size-medium wp-image-1095\" title=\"alice21\" src=\"http:\/\/www.syenlap.dk\/wp-content\/uploads\/2008\/11\/alice21-300x280.jpg\" alt=\"\" width=\"300\" height=\"280\" \/><\/a><\/p>\n<p>\u00a0<\/p>\n<p>&#8211; og en nyhed: fine toilettasker med &#8220;tekstil-malerier&#8221;<\/p>\n<p>\u00a0<\/p>\n<p>\u00a0<\/p>\n<p>\u00a0<\/p>\n<p>\u00a0<\/p>\n<p>\u00a0<\/p>\n<p>\u00a0<\/p>\n<p><a href=\"http:\/\/www.syenlap.dk\/wp-content\/uploads\/2008\/11\/alice3.jpg\" rel=\"lightbox[1088]\"><img loading=\"lazy\" decoding=\"async\" class=\"alignright size-medium wp-image-1096\" title=\"alice3\" src=\"http:\/\/www.syenlap.dk\/wp-content\/uploads\/2008\/11\/alice3-300x283.jpg\" alt=\"\" width=\"300\" height=\"283\" \/><\/a><\/p>\n<p>\u00a0<\/p>\n<p>\u00a0<\/p>\n<p>er de ikke yndige?<\/p>\n<p>\u00a0<\/p>\n<p>\u00a0<\/p>\n<p>\u00a0<\/p>\n<p>\u00a0<\/p>\n<p>\u00a0<\/p>\n<p>\u00a0<\/p>\n<p><a href=\"http:\/\/www.syenlap.dk\/wp-content\/uploads\/2008\/11\/quilt-pink.jpg\" rel=\"lightbox[1088]\"><img loading=\"lazy\" decoding=\"async\" class=\"alignnone size-full wp-image-1097\" title=\"quilt-pink\" src=\"http:\/\/www.syenlap.dk\/wp-content\/uploads\/2008\/11\/quilt-pink.jpg\" alt=\"\" width=\"450\" height=\"566\" \/><\/a><\/p>\n<p>Og Lisbeth og Susanne fra\u00a0<a href=\"http:\/\/www.quiltpink.dk\/\" target=\"_blank\">&#8220;Quilt Pink&#8221;<\/a> viste nogle af de mange fine blokke, de allerede har modtaget til det gode, nye projekt til &#8220;St\u00f8t brysterne&#8221;, som f\u00e5r stor tilslutning.<\/p>\n<p>Det var en \u00f8red\u00f8vende succes i lille Vejerslev, s\u00e5 der vil komme flere billeder, som ikke mindst vil vise &#8220;Pedari&#8221;-jubil\u00e6et.<\/p>\n","protected":false},"excerpt":{"rendered":"<p>Det var ligesom en storm! Det lille forsamlingshus i Vejerslev blev n\u00e6sten v\u00e6ltet i l\u00f8bet af den f\u00f8rste \u00bd time til HANNE&#8217;s MINI MESSE i dag! Flagene vejede i storm og regn igennem Vejerslev, og med f\u00e5 hundrede meters afstand &hellip; <a href=\"http:\/\/www.syenlap.dk\/?p=1088\">L\u00e6s resten <span class=\"meta-nav\">&rarr;<\/span><\/a><\/p>\n","protected":false},"author":2,"featured_media":0,"comment_status":"open","ping_status":"open","sticky":false,"template":"","format":"standard","meta":{"footnotes":""},"categories":[12,15],"tags":[],"class_list":["post-1088","post","type-post","status-publish","format-standard","hentry","category-oplevelser","category-patchwork"],"_links":{"self":[{"href":"http:\/\/www.syenlap.dk\/index.php?rest_route=\/wp\/v2\/posts\/1088","targetHints":{"allow":["GET"]}}],"collection":[{"href":"http:\/\/www.syenlap.dk\/index.php?rest_route=\/wp\/v2\/posts"}],"about":[{"href":"http:\/\/www.syenlap.dk\/index.php?rest_route=\/wp\/v2\/types\/post"}],"author":[{"embeddable":true,"href":"http:\/\/www.syenlap.dk\/index.php?rest_route=\/wp\/v2\/users\/2"}],"replies":[{"embeddable":true,"href":"http:\/\/www.syenlap.dk\/index.php?rest_route=%2Fwp%2Fv2%2Fcomments&post=1088"}],"version-history":[{"count":0,"href":"http:\/\/www.syenlap.dk\/index.php?rest_route=\/wp\/v2\/posts\/1088\/revisions"}],"wp:attachment":[{"href":"http:\/\/www.syenlap.dk\/index.php?rest_route=%2Fwp%2Fv2%2Fmedia&parent=1088"}],"wp:term":[{"taxonomy":"category","embeddable":true,"href":"http:\/\/www.syenlap.dk\/index.php?rest_route=%2Fwp%2Fv2%2Fcategories&post=1088"},{"taxonomy":"post_tag","embeddable":true,"href":"http:\/\/www.syenlap.dk\/index.php?rest_route=%2Fwp%2Fv2%2Ftags&post=1088"}],"curies":[{"name":"wp","href":"https:\/\/api.w.org\/{rel}","templated":true}]}}