{"id":10916,"date":"2011-06-10T20:11:51","date_gmt":"2011-06-10T18:11:51","guid":{"rendered":"http:\/\/www.syenlap.dk\/?p=10916"},"modified":"2011-06-10T20:11:51","modified_gmt":"2011-06-10T18:11:51","slug":"5-afsnit-af-gr%c3%b8nlandskr%c3%b8niken-klar","status":"publish","type":"post","link":"http:\/\/www.syenlap.dk\/?p=10916","title":{"rendered":"5. afsnit af Gr\u00f8nlandskr\u00f8niken klar!"},"content":{"rendered":"<p>5. afsnit af min nostalgiske Gr\u00f8nlandskr\u00f8nike er klar til at blive l\u00e6st &#8211; for de, der har lyst.<\/p>\n<p>Det er en direkte forts\u00e6ttelse af 4. afsnit, idet de begge handler om vores ophold i Godth\u00e5b (Nuuk) fra 1964 &#8211; 1967, hvor vi blev til en lille familie!<\/p>\n<p><a href=\"http:\/\/www.syenlap.dk\/wp-content\/uploads\/2011\/06\/godth\u00e5b-1966-barned\u00e5b-far-og-mor.jpg\" rel=\"lightbox[10916]\"><img loading=\"lazy\" decoding=\"async\" class=\"aligncenter size-full wp-image-10917\" title=\"godth\u00e5b 1966 barned\u00e5b far og mor\" src=\"http:\/\/www.syenlap.dk\/wp-content\/uploads\/2011\/06\/godth\u00e5b-1966-barned\u00e5b-far-og-mor.jpg\" alt=\"\" width=\"350\" height=\"484\" \/><\/a><\/p>\n<p>Hvor vi fik begge bedstem\u00f8dre p\u00e5 bes\u00f8g,<\/p>\n<p><a href=\"http:\/\/www.syenlap.dk\/wp-content\/uploads\/2011\/06\/helle1.jpg\" rel=\"lightbox[10916]\"><img loading=\"lazy\" decoding=\"async\" class=\"aligncenter size-full wp-image-10920\" title=\"helle\" src=\"http:\/\/www.syenlap.dk\/wp-content\/uploads\/2011\/06\/helle1.jpg\" alt=\"\" width=\"500\" height=\"468\" \/><\/a><\/p>\n<p>og hvor &#8220;frugtomanen&#8221; fik hovedrollen i familien p\u00e5 Skibshavnsvej.<\/p>\n<p>5. afsnit kan l\u00e6ses <a href=\"http:\/\/www.syenlap.dk\/?page_id=10653\" target=\"_blank\">her<\/a>.<\/p>\n","protected":false},"excerpt":{"rendered":"<p>5. afsnit af min nostalgiske Gr\u00f8nlandskr\u00f8nike er klar til at blive l\u00e6st &#8211; for de, der har lyst. Det er en direkte forts\u00e6ttelse af 4. afsnit, idet de begge handler om vores ophold i Godth\u00e5b (Nuuk) fra 1964 &#8211; 1967, &hellip; <a href=\"http:\/\/www.syenlap.dk\/?p=10916\">L\u00e6s resten <span class=\"meta-nav\">&rarr;<\/span><\/a><\/p>\n","protected":false},"author":2,"featured_media":0,"comment_status":"open","ping_status":"open","sticky":false,"template":"","format":"standard","meta":{"footnotes":""},"categories":[1],"tags":[],"class_list":["post-10916","post","type-post","status-publish","format-standard","hentry","category-ikke-kategoriseret"],"_links":{"self":[{"href":"http:\/\/www.syenlap.dk\/index.php?rest_route=\/wp\/v2\/posts\/10916","targetHints":{"allow":["GET"]}}],"collection":[{"href":"http:\/\/www.syenlap.dk\/index.php?rest_route=\/wp\/v2\/posts"}],"about":[{"href":"http:\/\/www.syenlap.dk\/index.php?rest_route=\/wp\/v2\/types\/post"}],"author":[{"embeddable":true,"href":"http:\/\/www.syenlap.dk\/index.php?rest_route=\/wp\/v2\/users\/2"}],"replies":[{"embeddable":true,"href":"http:\/\/www.syenlap.dk\/index.php?rest_route=%2Fwp%2Fv2%2Fcomments&post=10916"}],"version-history":[{"count":0,"href":"http:\/\/www.syenlap.dk\/index.php?rest_route=\/wp\/v2\/posts\/10916\/revisions"}],"wp:attachment":[{"href":"http:\/\/www.syenlap.dk\/index.php?rest_route=%2Fwp%2Fv2%2Fmedia&parent=10916"}],"wp:term":[{"taxonomy":"category","embeddable":true,"href":"http:\/\/www.syenlap.dk\/index.php?rest_route=%2Fwp%2Fv2%2Fcategories&post=10916"},{"taxonomy":"post_tag","embeddable":true,"href":"http:\/\/www.syenlap.dk\/index.php?rest_route=%2Fwp%2Fv2%2Ftags&post=10916"}],"curies":[{"name":"wp","href":"https:\/\/api.w.org\/{rel}","templated":true}]}}