{"id":1114,"date":"2008-11-11T11:30:33","date_gmt":"2008-11-11T09:30:33","guid":{"rendered":"http:\/\/www.syenlap.dk\/?p=1114"},"modified":"2008-11-11T11:30:33","modified_gmt":"2008-11-11T09:30:33","slug":"til-lykke-med-de-12-ar-frederik","status":"publish","type":"post","link":"http:\/\/www.syenlap.dk\/?p=1114","title":{"rendered":"Til lykke med de 12 \u00e5r Frederik!"},"content":{"rendered":"<p><a href=\"http:\/\/www.syenlap.dk\/wp-content\/uploads\/2008\/11\/dannebrog.bmp\" rel=\"lightbox[1114]\"><img decoding=\"async\" class=\"alignleft size-medium wp-image-1115\" title=\"dannebrog\" src=\"http:\/\/www.syenlap.dk\/wp-content\/uploads\/2008\/11\/dannebrog.bmp\" alt=\"\" \/><\/a><\/p>\n<p>12 \u00e5r er g\u00e5et siden den weekend, hvor vi ventede og ventede p\u00e5 at vores f\u00f8rste og l\u00e6nge \u00f8nskede barnebarn skulle komme til verden &#8211; og det trak ud og trak ud, stakkels for\u00e6ldre! Vi havde en aftale om, at jeg kunne stege Mortensanden og komme med, hvis de ikke var kommet af sted p\u00e5 sygehuset\u00a0endnu, men det gjorde de, og s\u00e5 sad vi her og spiste and og drak kun et enkelt glas r\u00f8dvin, for hvis vi nu skulle k\u00f8re for at se vidunderet.<br \/>\nMen vi h\u00f8rte ingenting og blev mere og mere bekymrede! S\u00f8ren gik i seng, men jeg havde ikke ro p\u00e5 mig, det havde jo st\u00e5et p\u00e5 i mere end 1\u00bd d\u00f8gn, men da jeg alligevel pakkede mit besk\u00e6ftigelsesh\u00e5ndarbejde sammen lidt over midnat, ringede Thomas endelig: det er en dreng, han er lidt &#8220;tr\u00e6t&#8221;, men har det godt, og Helle liges\u00e5. Puh ha! S\u00e5 det blev ikke en Cirkeline, men en Frederik, og han har det stadigv\u00e6k godt! Stor dreng nu, p\u00e5 nippet til teenager p\u00e5 mange m\u00e5der. Vi elsker, n\u00e5r han kommer her.<\/p>\n<p><a href=\"http:\/\/www.syenlap.dk\/wp-content\/uploads\/2008\/11\/frederik-baby.jpg\" rel=\"lightbox[1114]\"><img loading=\"lazy\" decoding=\"async\" class=\"alignright size-medium wp-image-1116\" title=\"frederik-baby\" src=\"http:\/\/www.syenlap.dk\/wp-content\/uploads\/2008\/11\/frederik-baby-300x251.jpg\" alt=\"\" width=\"300\" height=\"251\" \/><\/a><\/p>\n<p>\u00a0<\/p>\n<p>Mit allerf\u00f8rste patchworkt\u00e6ppe blev syet til ham.<\/p>\n<p>\u00a0<\/p>\n<p>\u00a0<\/p>\n<p>\u00a0<\/p>\n<p>\u00a0<\/p>\n<p>\u00a0<\/p>\n<p>Senere &#8211; til sin 7 \u00e5rs f\u00f8dselsdag &#8211; fik han &#8220;Det hemmelige t\u00e6ppe&#8221;, som kan foldes og kr\u00e6nges til en pude.<\/p>\n<p><a href=\"http:\/\/www.syenlap.dk\/wp-content\/uploads\/2008\/11\/hemm-tc3a6ppe-frederik1.jpg\" rel=\"lightbox[1114]\"><img loading=\"lazy\" decoding=\"async\" class=\"aligncenter size-full wp-image-1125\" title=\"hemm-tc3a6ppe-frederik1\" src=\"http:\/\/www.syenlap.dk\/wp-content\/uploads\/2008\/11\/hemm-tc3a6ppe-frederik1.jpg\" alt=\"\" width=\"310\" height=\"472\" \/><\/a>\u00a0<\/p>\n<p><a href=\"http:\/\/www.syenlap.dk\/wp-content\/uploads\/2008\/11\/frederik-og-whisky-060808-2.jpg\" rel=\"lightbox[1114]\"><img loading=\"lazy\" decoding=\"async\" class=\"alignleft size-medium wp-image-1117\" title=\"frederik-og-whisky-060808-2\" src=\"http:\/\/www.syenlap.dk\/wp-content\/uploads\/2008\/11\/frederik-og-whisky-060808-2-183x300.jpg\" alt=\"\" width=\"183\" height=\"300\" \/><\/a><\/p>\n<p>\u00a0<\/p>\n<p>I sommeren\u00a02008 med Whisky! Frederik er rigtig flink til at hj\u00e6lpe os og\u00a0til at g\u00e5 tur med Whisky, n\u00e5r han kommer p\u00e5 ferie.<\/p>\n<p>\u00a0<\/p>\n<p>\u00a0<\/p>\n<p>\u00a0<\/p>\n<p>\u00a0<\/p>\n<p>\u00a0<\/p>\n<p>\u00a0<\/p>\n<p>\u00a0Og yndlingsbilledet med vores gamle &#8220;Baloo&#8221; i 2003.<\/p>\n<p><a href=\"http:\/\/www.syenlap.dk\/wp-content\/uploads\/2008\/11\/frederikogbaloo-2003.jpg\" rel=\"lightbox[1114]\"><img loading=\"lazy\" decoding=\"async\" class=\"alignnone size-full wp-image-1118\" title=\"frederikogbaloo-2003\" src=\"http:\/\/www.syenlap.dk\/wp-content\/uploads\/2008\/11\/frederikogbaloo-2003.jpg\" alt=\"\" width=\"400\" height=\"443\" \/><\/a><\/p>\n","protected":false},"excerpt":{"rendered":"<p>12 \u00e5r er g\u00e5et siden den weekend, hvor vi ventede og ventede p\u00e5 at vores f\u00f8rste og l\u00e6nge \u00f8nskede barnebarn skulle komme til verden &#8211; og det trak ud og trak ud, stakkels for\u00e6ldre! Vi havde en aftale om, at &hellip; <a href=\"http:\/\/www.syenlap.dk\/?p=1114\">L\u00e6s resten <span class=\"meta-nav\">&rarr;<\/span><\/a><\/p>\n","protected":false},"author":2,"featured_media":0,"comment_status":"open","ping_status":"open","sticky":false,"template":"","format":"standard","meta":{"footnotes":""},"categories":[5],"tags":[],"class_list":["post-1114","post","type-post","status-publish","format-standard","hentry","category-familien"],"_links":{"self":[{"href":"http:\/\/www.syenlap.dk\/index.php?rest_route=\/wp\/v2\/posts\/1114","targetHints":{"allow":["GET"]}}],"collection":[{"href":"http:\/\/www.syenlap.dk\/index.php?rest_route=\/wp\/v2\/posts"}],"about":[{"href":"http:\/\/www.syenlap.dk\/index.php?rest_route=\/wp\/v2\/types\/post"}],"author":[{"embeddable":true,"href":"http:\/\/www.syenlap.dk\/index.php?rest_route=\/wp\/v2\/users\/2"}],"replies":[{"embeddable":true,"href":"http:\/\/www.syenlap.dk\/index.php?rest_route=%2Fwp%2Fv2%2Fcomments&post=1114"}],"version-history":[{"count":0,"href":"http:\/\/www.syenlap.dk\/index.php?rest_route=\/wp\/v2\/posts\/1114\/revisions"}],"wp:attachment":[{"href":"http:\/\/www.syenlap.dk\/index.php?rest_route=%2Fwp%2Fv2%2Fmedia&parent=1114"}],"wp:term":[{"taxonomy":"category","embeddable":true,"href":"http:\/\/www.syenlap.dk\/index.php?rest_route=%2Fwp%2Fv2%2Fcategories&post=1114"},{"taxonomy":"post_tag","embeddable":true,"href":"http:\/\/www.syenlap.dk\/index.php?rest_route=%2Fwp%2Fv2%2Ftags&post=1114"}],"curies":[{"name":"wp","href":"https:\/\/api.w.org\/{rel}","templated":true}]}}