{"id":11225,"date":"2011-07-14T10:35:27","date_gmt":"2011-07-14T08:35:27","guid":{"rendered":"http:\/\/www.syenlap.dk\/?p=11225"},"modified":"2011-07-14T10:35:27","modified_gmt":"2011-07-14T08:35:27","slug":"de-s%c3%b8deste-bamset%c3%a6pper-til-de-s%c3%b8deste-tvillinger","status":"publish","type":"post","link":"http:\/\/www.syenlap.dk\/?p=11225","title":{"rendered":"De s\u00f8deste &quot;Bamset\u00e6pper&quot; til de s\u00f8deste tvillinger!"},"content":{"rendered":"<p><a href=\"http:\/\/www.syenlap.dk\/wp-content\/uploads\/2011\/07\/bamset\u00e6pper-og-emma-og-l\u00e6rke.jpg\" rel=\"lightbox[11225]\"><img loading=\"lazy\" decoding=\"async\" class=\"aligncenter size-full wp-image-11235\" title=\"bamset\u00e6pper og emma og l\u00e6rke\" src=\"http:\/\/www.syenlap.dk\/wp-content\/uploads\/2011\/07\/bamset\u00e6pper-og-emma-og-l\u00e6rke.jpg\" alt=\"\" width=\"500\" height=\"360\" \/><\/a><\/p>\n<p>I dag har tvillingepigerne Emma og L\u00e6rke p\u00e5\u00a011 m\u00e5neder\u00a0f\u00e5et deres &#8220;Bamset\u00e6pper&#8221;&#8230;<\/p>\n<p><a href=\"http:\/\/www.syenlap.dk\/wp-content\/uploads\/2011\/07\/bamset\u00e6pper-t-tvillinger.jpg\" rel=\"lightbox[11225]\"><img loading=\"lazy\" decoding=\"async\" class=\"aligncenter size-full wp-image-11226\" title=\"bamset\u00e6pper t tvillinger\" src=\"http:\/\/www.syenlap.dk\/wp-content\/uploads\/2011\/07\/bamset\u00e6pper-t-tvillinger.jpg\" alt=\"\" width=\"500\" height=\"311\" \/><\/a><\/p>\n<p>&#8230; som jeg h\u00e5ber, de f\u00e5r gavn og gl\u00e6de af.\u00a0T\u00e6pperne er ens, men i delvis forskellige stoffer, som er fra <a href=\"http:\/\/www.hanneshjemmeside.dk\" target=\"_blank\">HANNE&#8217;s<\/a>, fra <a href=\"http:\/\/denlillelade.dk\" target=\"_blank\">Den Lille Lade<\/a> og fra <a href=\"http:\/\/www.postgaarden.com\/ashop\/\" target=\"_blank\">Postg\u00e5rden i Hj\u00f8rring<\/a><\/p>\n<p><a href=\"http:\/\/www.syenlap.dk\/wp-content\/uploads\/2011\/07\/bamset\u00e6pper-t-tvillinger-pink.jpg\" rel=\"lightbox[11225]\"><img loading=\"lazy\" decoding=\"async\" class=\"aligncenter size-full wp-image-11230\" title=\"bamset\u00e6pper t tvillinger pink\" src=\"http:\/\/www.syenlap.dk\/wp-content\/uploads\/2011\/07\/bamset\u00e6pper-t-tvillinger-pink.jpg\" alt=\"\" width=\"500\" height=\"559\" \/><\/a><\/p>\n<p><a href=\"http:\/\/www.syenlap.dk\/wp-content\/uploads\/2011\/07\/bamset\u00e6pper-t-tvillinger-pink-stof.jpg\" rel=\"lightbox[11225]\"><img loading=\"lazy\" decoding=\"async\" class=\"aligncenter size-full wp-image-11232\" title=\"bamset\u00e6pper t tvillinger pink stof\" src=\"http:\/\/www.syenlap.dk\/wp-content\/uploads\/2011\/07\/bamset\u00e6pper-t-tvillinger-pink-stof.jpg\" alt=\"\" width=\"500\" height=\"392\" \/><\/a><\/p>\n<p>Stofferne i det ene er i &#8220;kolde&#8221; pink og lilla farver..<\/p>\n<p><a href=\"http:\/\/www.syenlap.dk\/wp-content\/uploads\/2011\/07\/bamset\u00e6pper-t-tvillinger-r\u00f8d.jpg\" rel=\"lightbox[11225]\"><img loading=\"lazy\" decoding=\"async\" class=\"aligncenter size-full wp-image-11231\" title=\"bamset\u00e6pper t tvillinger r\u00f8d\" src=\"http:\/\/www.syenlap.dk\/wp-content\/uploads\/2011\/07\/bamset\u00e6pper-t-tvillinger-r\u00f8d.jpg\" alt=\"\" width=\"500\" height=\"602\" \/><\/a><\/p>\n<p><a href=\"http:\/\/www.syenlap.dk\/wp-content\/uploads\/2011\/07\/bamset\u00e6pper-t-tvillinger-r\u00f8d-stof.jpg\" rel=\"lightbox[11225]\"><img loading=\"lazy\" decoding=\"async\" class=\"aligncenter size-full wp-image-11233\" title=\"bamset\u00e6pper t tvillinger r\u00f8d stof\" src=\"http:\/\/www.syenlap.dk\/wp-content\/uploads\/2011\/07\/bamset\u00e6pper-t-tvillinger-r\u00f8d-stof.jpg\" alt=\"\" width=\"500\" height=\"427\" \/><\/a><\/p>\n<p>..og i det andet i &#8220;varme&#8221; r\u00f8de og orange farver.<\/p>\n<p><a href=\"http:\/\/www.syenlap.dk\/wp-content\/uploads\/2011\/07\/bamset\u00e6pper-t-tvillinger-r\u00f8d-midt.jpg\" rel=\"lightbox[11225]\"><img loading=\"lazy\" decoding=\"async\" class=\"aligncenter size-full wp-image-11234\" title=\"bamset\u00e6pper t tvillinger r\u00f8d midt\" src=\"http:\/\/www.syenlap.dk\/wp-content\/uploads\/2011\/07\/bamset\u00e6pper-t-tvillinger-r\u00f8d-midt.jpg\" alt=\"\" width=\"500\" height=\"602\" \/><\/a><\/p>\n<p>Det svagt lyser\u00f8de som baggrund for bamserne, den bl\u00e5 med sommerfugle og marieh\u00f8ns, samt den lyslilla lukkekant g\u00e5r igen p\u00e5 begge.<\/p>\n<p>De har begge bagside\u00a0af pastelfarvet fleece, som ogs\u00e5 er forskellige, og s\u00e5 er der mellemfor af tynd volumenvlies. Det giver lidt mere fylde og fasthed, end hvis man kun bruger fleece. Men fleece er jo l\u00e6kker bl\u00f8d til b\u00f8rn, jeg h\u00f8rte om et barn, som syntes, at det var bedst, n\u00e5r t\u00e6ppet &#8220;ikke skulle varmes op&#8221; = n\u00e5r der var fleece p\u00e5 bagsiden &#8211; meget rammende!<\/p>\n<p>Bamsefiguren er en gammel klassiker, som mange har brugt, jeg ved ikke, hvor den kommer fra, men jeg sender gerne en kopi, hvis man mailer til mig p\u00e5 hanne @ kludekoner.dk (fjern mellemrum), jeg har den i 3 str., denne er den st\u00f8rste. Den kan ogs\u00e5 sys som bamse og stoppes ud.<\/p>\n<p>Designet med striberne af forskelligt stof udenom bamsen er Else-Marie&#8217;s (non-blogger), som jeg syr sammen med p\u00e5 S\u00f8nderg\u00e5rden. Da jeg s\u00e5 <a href=\"http:\/\/www.kludekoner.dk\/forside.php?ssprog=dansk&amp;&amp;vispic=4290\" target=\"_blank\">dette t\u00e6ppe, som Else-Marie har syet<\/a>, gemte jeg id\u00e9en til n\u00e6ste gang, jeg ville sy babyt\u00e6pper!<\/p>\n","protected":false},"excerpt":{"rendered":"<p>I dag har tvillingepigerne Emma og L\u00e6rke p\u00e5\u00a011 m\u00e5neder\u00a0f\u00e5et deres &#8220;Bamset\u00e6pper&#8221;&#8230; &#8230; som jeg h\u00e5ber, de f\u00e5r gavn og gl\u00e6de af.\u00a0T\u00e6pperne er ens, men i delvis forskellige stoffer, som er fra HANNE&#8217;s, fra Den Lille Lade og fra Postg\u00e5rden i &hellip; <a href=\"http:\/\/www.syenlap.dk\/?p=11225\">L\u00e6s resten <span class=\"meta-nav\">&rarr;<\/span><\/a><\/p>\n","protected":false},"author":2,"featured_media":0,"comment_status":"open","ping_status":"open","sticky":false,"template":"","format":"standard","meta":{"footnotes":""},"categories":[15],"tags":[],"class_list":["post-11225","post","type-post","status-publish","format-standard","hentry","category-patchwork"],"_links":{"self":[{"href":"http:\/\/www.syenlap.dk\/index.php?rest_route=\/wp\/v2\/posts\/11225","targetHints":{"allow":["GET"]}}],"collection":[{"href":"http:\/\/www.syenlap.dk\/index.php?rest_route=\/wp\/v2\/posts"}],"about":[{"href":"http:\/\/www.syenlap.dk\/index.php?rest_route=\/wp\/v2\/types\/post"}],"author":[{"embeddable":true,"href":"http:\/\/www.syenlap.dk\/index.php?rest_route=\/wp\/v2\/users\/2"}],"replies":[{"embeddable":true,"href":"http:\/\/www.syenlap.dk\/index.php?rest_route=%2Fwp%2Fv2%2Fcomments&post=11225"}],"version-history":[{"count":0,"href":"http:\/\/www.syenlap.dk\/index.php?rest_route=\/wp\/v2\/posts\/11225\/revisions"}],"wp:attachment":[{"href":"http:\/\/www.syenlap.dk\/index.php?rest_route=%2Fwp%2Fv2%2Fmedia&parent=11225"}],"wp:term":[{"taxonomy":"category","embeddable":true,"href":"http:\/\/www.syenlap.dk\/index.php?rest_route=%2Fwp%2Fv2%2Fcategories&post=11225"},{"taxonomy":"post_tag","embeddable":true,"href":"http:\/\/www.syenlap.dk\/index.php?rest_route=%2Fwp%2Fv2%2Ftags&post=11225"}],"curies":[{"name":"wp","href":"https:\/\/api.w.org\/{rel}","templated":true}]}}