{"id":11245,"date":"2011-07-15T10:03:17","date_gmt":"2011-07-15T08:03:17","guid":{"rendered":"http:\/\/www.syenlap.dk\/?p=11245"},"modified":"2011-07-15T10:03:17","modified_gmt":"2011-07-15T08:03:17","slug":"pil-op-sy-bagl%c3%a6ns-gruppen-pa-facebook","status":"publish","type":"post","link":"http:\/\/www.syenlap.dk\/?p=11245","title":{"rendered":"Pil op &#8211; sy bagl\u00e6ns gruppen p\u00e5 Facebook"},"content":{"rendered":"<p>Ja, de finder p\u00e5 mange sjove ting p\u00e5 Facebook, og vi gamle patchworkere kan ogs\u00e5 v\u00e6re med! Nu er der nogen, der har startet en ny gruppe ved navn &#8220;Pil op &#8211; sy bagl\u00e6ns gruppen&#8221;, og den har jeg ogs\u00e5 meldt mig ind i!<\/p>\n<p><a href=\"http:\/\/www.syenlap.dk\/wp-content\/uploads\/2011\/07\/150711-dhu.jpg\" rel=\"lightbox[11245]\"><img loading=\"lazy\" decoding=\"async\" class=\"aligncenter size-full wp-image-11246\" title=\"150711 dhu\" src=\"http:\/\/www.syenlap.dk\/wp-content\/uploads\/2011\/07\/150711-dhu.jpg\" alt=\"\" width=\"485\" height=\"475\" \/><\/a><\/p>\n<p>Og for mit vedkommende bliver den straks indviet. Her er min <a href=\"http:\/\/hannesblog.dk\/?s=dhu\" target=\"_blank\">&#8220;HANNE&#8217;s DHU (del-hver-uge)&#8221;, <\/a>som jeg syede sammen i g\u00e5r aftes og straks fortr\u00f8d! Den er alt for rodet &#8211; jeg var ellers s\u00e5 begejstret for et af HANNE&#8217;s forslag, men mine stoffer er mere brogede end hendes, s\u00e5 de 4 dele skal vendes, s\u00e5 det bliver mere overskueligt.<\/p>\n<p>Det skal v\u00e6re en stor pude, og det passer mig rigtig godt, at det kunne blive til det, for mine store sofapuder er s\u00e5 slidte, at de tr\u00e6nger til nyt betr\u00e6k, og jeg er i forvejen ved at sy \u00e9n i bl.a. bundstoffet, som jeg har brugt her.<\/p>\n<p><a href=\"http:\/\/www.syenlap.dk\/wp-content\/uploads\/2011\/07\/150711-dhu-pil-op.jpg\" rel=\"lightbox[11245]\"><img loading=\"lazy\" decoding=\"async\" class=\"aligncenter size-full wp-image-11247\" title=\"150711 dhu pil op\" src=\"http:\/\/www.syenlap.dk\/wp-content\/uploads\/2011\/07\/150711-dhu-pil-op.jpg\" alt=\"\" width=\"500\" height=\"503\" \/><\/a><\/p>\n<p>S\u00e5 i gang med opspr\u00e6tteren!<\/p>\n","protected":false},"excerpt":{"rendered":"<p>Ja, de finder p\u00e5 mange sjove ting p\u00e5 Facebook, og vi gamle patchworkere kan ogs\u00e5 v\u00e6re med! Nu er der nogen, der har startet en ny gruppe ved navn &#8220;Pil op &#8211; sy bagl\u00e6ns gruppen&#8221;, og den har jeg ogs\u00e5 &hellip; <a href=\"http:\/\/www.syenlap.dk\/?p=11245\">L\u00e6s resten <span class=\"meta-nav\">&rarr;<\/span><\/a><\/p>\n","protected":false},"author":2,"featured_media":0,"comment_status":"open","ping_status":"open","sticky":false,"template":"","format":"standard","meta":{"footnotes":""},"categories":[15],"tags":[],"class_list":["post-11245","post","type-post","status-publish","format-standard","hentry","category-patchwork"],"_links":{"self":[{"href":"http:\/\/www.syenlap.dk\/index.php?rest_route=\/wp\/v2\/posts\/11245","targetHints":{"allow":["GET"]}}],"collection":[{"href":"http:\/\/www.syenlap.dk\/index.php?rest_route=\/wp\/v2\/posts"}],"about":[{"href":"http:\/\/www.syenlap.dk\/index.php?rest_route=\/wp\/v2\/types\/post"}],"author":[{"embeddable":true,"href":"http:\/\/www.syenlap.dk\/index.php?rest_route=\/wp\/v2\/users\/2"}],"replies":[{"embeddable":true,"href":"http:\/\/www.syenlap.dk\/index.php?rest_route=%2Fwp%2Fv2%2Fcomments&post=11245"}],"version-history":[{"count":0,"href":"http:\/\/www.syenlap.dk\/index.php?rest_route=\/wp\/v2\/posts\/11245\/revisions"}],"wp:attachment":[{"href":"http:\/\/www.syenlap.dk\/index.php?rest_route=%2Fwp%2Fv2%2Fmedia&parent=11245"}],"wp:term":[{"taxonomy":"category","embeddable":true,"href":"http:\/\/www.syenlap.dk\/index.php?rest_route=%2Fwp%2Fv2%2Fcategories&post=11245"},{"taxonomy":"post_tag","embeddable":true,"href":"http:\/\/www.syenlap.dk\/index.php?rest_route=%2Fwp%2Fv2%2Ftags&post=11245"}],"curies":[{"name":"wp","href":"https:\/\/api.w.org\/{rel}","templated":true}]}}