{"id":11627,"date":"2011-08-13T08:52:19","date_gmt":"2011-08-13T06:52:19","guid":{"rendered":"http:\/\/www.syenlap.dk\/?p=11627"},"modified":"2011-08-13T08:52:19","modified_gmt":"2011-08-13T06:52:19","slug":"fuldmanen","status":"publish","type":"post","link":"http:\/\/www.syenlap.dk\/?p=11627","title":{"rendered":"Fuldm\u00e5nen"},"content":{"rendered":"<p><a href=\"http:\/\/www.syenlap.dk\/wp-content\/uploads\/2011\/08\/120811-m\u00e5ne-og-skyer-og-tr\u00e6er.jpg\" rel=\"lightbox[11627]\"><img loading=\"lazy\" decoding=\"async\" class=\"aligncenter size-full wp-image-11628\" title=\"120811 m\u00e5ne og skyer og tr\u00e6er\" src=\"http:\/\/www.syenlap.dk\/wp-content\/uploads\/2011\/08\/120811-m\u00e5ne-og-skyer-og-tr\u00e6er.jpg\" alt=\"\" width=\"500\" height=\"354\" \/><\/a><\/p>\n<p>Der var fuldm\u00e5ne og lette skyer p\u00e5 himlen, da jeg gik i seng i g\u00e5r aftes. Jeg var &#8220;n\u00f8dt til&#8221; at fors\u00f8ge at fotografere det flotte syn fra altanen. Her med blitz, hvor lidt af tr\u00e6erne ses.<\/p>\n<p><a href=\"http:\/\/www.syenlap.dk\/wp-content\/uploads\/2011\/08\/120811-m\u00e5ne-og-skyer.jpg\" rel=\"lightbox[11627]\"><\/a><\/p>\n<p><a href=\"http:\/\/www.syenlap.dk\/wp-content\/uploads\/2011\/08\/120811-m\u00e5ne-og-skyer1.jpg\" rel=\"lightbox[11627]\"><img loading=\"lazy\" decoding=\"async\" class=\"aligncenter size-full wp-image-11632\" title=\"120811 m\u00e5ne og skyer\" src=\"http:\/\/www.syenlap.dk\/wp-content\/uploads\/2011\/08\/120811-m\u00e5ne-og-skyer1.jpg\" alt=\"\" width=\"500\" height=\"382\" \/><\/a><\/p>\n<p>Her uden blitz &#8211; fantastisk syn!<\/p>\n","protected":false},"excerpt":{"rendered":"<p>Der var fuldm\u00e5ne og lette skyer p\u00e5 himlen, da jeg gik i seng i g\u00e5r aftes. Jeg var &#8220;n\u00f8dt til&#8221; at fors\u00f8ge at fotografere det flotte syn fra altanen. Her med blitz, hvor lidt af tr\u00e6erne ses. Her uden blitz &hellip; <a href=\"http:\/\/www.syenlap.dk\/?p=11627\">L\u00e6s resten <span class=\"meta-nav\">&rarr;<\/span><\/a><\/p>\n","protected":false},"author":2,"featured_media":0,"comment_status":"open","ping_status":"open","sticky":false,"template":"","format":"standard","meta":{"footnotes":""},"categories":[3,8],"tags":[],"class_list":["post-11627","post","type-post","status-publish","format-standard","hentry","category-dagligdagen","category-haven"],"_links":{"self":[{"href":"http:\/\/www.syenlap.dk\/index.php?rest_route=\/wp\/v2\/posts\/11627","targetHints":{"allow":["GET"]}}],"collection":[{"href":"http:\/\/www.syenlap.dk\/index.php?rest_route=\/wp\/v2\/posts"}],"about":[{"href":"http:\/\/www.syenlap.dk\/index.php?rest_route=\/wp\/v2\/types\/post"}],"author":[{"embeddable":true,"href":"http:\/\/www.syenlap.dk\/index.php?rest_route=\/wp\/v2\/users\/2"}],"replies":[{"embeddable":true,"href":"http:\/\/www.syenlap.dk\/index.php?rest_route=%2Fwp%2Fv2%2Fcomments&post=11627"}],"version-history":[{"count":0,"href":"http:\/\/www.syenlap.dk\/index.php?rest_route=\/wp\/v2\/posts\/11627\/revisions"}],"wp:attachment":[{"href":"http:\/\/www.syenlap.dk\/index.php?rest_route=%2Fwp%2Fv2%2Fmedia&parent=11627"}],"wp:term":[{"taxonomy":"category","embeddable":true,"href":"http:\/\/www.syenlap.dk\/index.php?rest_route=%2Fwp%2Fv2%2Fcategories&post=11627"},{"taxonomy":"post_tag","embeddable":true,"href":"http:\/\/www.syenlap.dk\/index.php?rest_route=%2Fwp%2Fv2%2Ftags&post=11627"}],"curies":[{"name":"wp","href":"https:\/\/api.w.org\/{rel}","templated":true}]}}