{"id":1206,"date":"2008-11-19T11:59:56","date_gmt":"2008-11-19T09:59:56","guid":{"rendered":"http:\/\/www.syenlap.dk\/?p=1206"},"modified":"2008-11-19T11:59:56","modified_gmt":"2008-11-19T09:59:56","slug":"nar-patchwork-er-kunst","status":"publish","type":"post","link":"http:\/\/www.syenlap.dk\/?p=1206","title":{"rendered":"N\u00e5r patchwork er kunst"},"content":{"rendered":"<p>Jeg er selv en udpr\u00e6get &#8220;brugs-quilter&#8221;, det skal v\u00e6re k\u00f8nt og brugbart, det jeg syr, og jeg ELSKER det!<\/p>\n<p>Men jeg beundrer meget h\u00f8jt det fine patchwork med flotte applikationer og sirlig h\u00e5ndquiltning, som tager uendelig lang tid at lave.<\/p>\n<p>Jeg s\u00e5 p\u00e5 Quiltefestivalen 2008 i Middelfart flere kunstv\u00e6rker af S\u00f8dder, som jeg slet ikke kender, men som syr nogle helt utroligt flotte store t\u00e6pper med de fineste applikationer og en quiltning, som f\u00e5r mig til at tabe vejret.<\/p>\n<p>De er vist p\u00e5 min hjemmeside, men de t\u00e5ler nok en gentagelse, det sidste er p\u00e5 sitet i dag, se <a href=\"http:\/\/www.kludekoner.dk\/forside.php?ssprog=dansk&amp;&amp;vispic=3029\" target=\"_blank\">her<\/a>.<\/p>\n<p><a href=\"http:\/\/www.syenlap.dk\/wp-content\/uploads\/2008\/11\/14-appl-blomster-3.jpg\" rel=\"lightbox[1206]\"><img loading=\"lazy\" decoding=\"async\" class=\"alignleft size-medium wp-image-1207\" title=\"14-appl-blomster-3\" src=\"http:\/\/www.syenlap.dk\/wp-content\/uploads\/2008\/11\/14-appl-blomster-3-258x300.jpg\" alt=\"\" width=\"258\" height=\"300\" \/><\/a><\/p>\n<p>\u00a0<\/p>\n<p>Her er en detalje af det fantastisk smukke senget\u00e6ppe med markblomster<\/p>\n<p>\u00a0<\/p>\n<p>\u00a0<\/p>\n<p>\u00a0<\/p>\n<p>\u00a0<\/p>\n<p>\u00a0<\/p>\n<p>\u00a0<\/p>\n<p><a href=\"http:\/\/www.syenlap.dk\/wp-content\/uploads\/2008\/11\/14-appl-blomster-450.jpg\" rel=\"lightbox[1206]\"><img loading=\"lazy\" decoding=\"async\" class=\"aligncenter size-full wp-image-1208\" title=\"14-appl-blomster-450\" src=\"http:\/\/www.syenlap.dk\/wp-content\/uploads\/2008\/11\/14-appl-blomster-450.jpg\" alt=\"\" width=\"450\" height=\"536\" \/><\/a><\/p>\n<p>\u00a0<\/p>\n<p><a href=\"http:\/\/www.syenlap.dk\/wp-content\/uploads\/2008\/11\/13-kranse-nc3a6r-350.jpg\" rel=\"lightbox[1206]\"><img loading=\"lazy\" decoding=\"async\" class=\"alignright size-medium wp-image-1209\" title=\"13-kranse-nc3a6r-350\" src=\"http:\/\/www.syenlap.dk\/wp-content\/uploads\/2008\/11\/13-kranse-nc3a6r-350-300x297.jpg\" alt=\"\" width=\"300\" height=\"297\" \/><\/a><\/p>\n<p>\u00a0<\/p>\n<p>Liges\u00e5 de smukke kranse p\u00e5 et andet stort senget\u00e6ppe<\/p>\n<p>\u00a0<\/p>\n<p>\u00a0<\/p>\n<p>\u00a0<\/p>\n<p>\u00a0<\/p>\n<p>\u00a0<\/p>\n<p>\u00a0<\/p>\n<p><a href=\"http:\/\/www.syenlap.dk\/wp-content\/uploads\/2008\/11\/13-kranse-450.jpg\" rel=\"lightbox[1206]\"><img loading=\"lazy\" decoding=\"async\" class=\"aligncenter size-full wp-image-1210\" title=\"13-kranse-450\" src=\"http:\/\/www.syenlap.dk\/wp-content\/uploads\/2008\/11\/13-kranse-450.jpg\" alt=\"\" width=\"450\" height=\"549\" \/><\/a><\/p>\n<p>\u00a0<\/p>\n<p>Jeg har ladet mig fort\u00e6lle, at S\u00f8dder ikke selv syntes, hun havde noget, der var v\u00e6rd at udstille p\u00e5 Quiltefestivalen &#8211; ja, beskedenhed er en dyd!<br \/>\nOg der var flere, som er eller vil blive\u00a0vist p\u00e5 \u00a0<a href=\"http:\/\/www.kludekoner.dk\">www.kludekoner.dk<\/a> i n\u00e6rmeste fremtid.<\/p>\n","protected":false},"excerpt":{"rendered":"<p>Jeg er selv en udpr\u00e6get &#8220;brugs-quilter&#8221;, det skal v\u00e6re k\u00f8nt og brugbart, det jeg syr, og jeg ELSKER det! Men jeg beundrer meget h\u00f8jt det fine patchwork med flotte applikationer og sirlig h\u00e5ndquiltning, som tager uendelig lang tid at lave. &hellip; <a href=\"http:\/\/www.syenlap.dk\/?p=1206\">L\u00e6s resten <span class=\"meta-nav\">&rarr;<\/span><\/a><\/p>\n","protected":false},"author":2,"featured_media":0,"comment_status":"open","ping_status":"open","sticky":false,"template":"","format":"standard","meta":{"footnotes":""},"categories":[12,15],"tags":[],"class_list":["post-1206","post","type-post","status-publish","format-standard","hentry","category-oplevelser","category-patchwork"],"_links":{"self":[{"href":"http:\/\/www.syenlap.dk\/index.php?rest_route=\/wp\/v2\/posts\/1206","targetHints":{"allow":["GET"]}}],"collection":[{"href":"http:\/\/www.syenlap.dk\/index.php?rest_route=\/wp\/v2\/posts"}],"about":[{"href":"http:\/\/www.syenlap.dk\/index.php?rest_route=\/wp\/v2\/types\/post"}],"author":[{"embeddable":true,"href":"http:\/\/www.syenlap.dk\/index.php?rest_route=\/wp\/v2\/users\/2"}],"replies":[{"embeddable":true,"href":"http:\/\/www.syenlap.dk\/index.php?rest_route=%2Fwp%2Fv2%2Fcomments&post=1206"}],"version-history":[{"count":0,"href":"http:\/\/www.syenlap.dk\/index.php?rest_route=\/wp\/v2\/posts\/1206\/revisions"}],"wp:attachment":[{"href":"http:\/\/www.syenlap.dk\/index.php?rest_route=%2Fwp%2Fv2%2Fmedia&parent=1206"}],"wp:term":[{"taxonomy":"category","embeddable":true,"href":"http:\/\/www.syenlap.dk\/index.php?rest_route=%2Fwp%2Fv2%2Fcategories&post=1206"},{"taxonomy":"post_tag","embeddable":true,"href":"http:\/\/www.syenlap.dk\/index.php?rest_route=%2Fwp%2Fv2%2Ftags&post=1206"}],"curies":[{"name":"wp","href":"https:\/\/api.w.org\/{rel}","templated":true}]}}