{"id":1265,"date":"2008-11-25T13:36:17","date_gmt":"2008-11-25T11:36:17","guid":{"rendered":"http:\/\/www.syenlap.dk\/?p=1265"},"modified":"2008-11-25T13:36:17","modified_gmt":"2008-11-25T11:36:17","slug":"h%c3%a6klet-barnevognst%c3%a6ppe","status":"publish","type":"post","link":"http:\/\/www.syenlap.dk\/?p=1265","title":{"rendered":"H\u00e6klet barnevognst\u00e6ppe"},"content":{"rendered":"<p><a href=\"http:\/\/www.syenlap.dk\/wp-content\/uploads\/2008\/11\/hc3a6klet-barnevognstc3a6ppe-3.jpg\" rel=\"lightbox[1265]\"><img loading=\"lazy\" decoding=\"async\" class=\"alignnone size-full wp-image-1266\" title=\"hc3a6klet-barnevognstc3a6ppe-3\" src=\"http:\/\/www.syenlap.dk\/wp-content\/uploads\/2008\/11\/hc3a6klet-barnevognstc3a6ppe-3.jpg\" alt=\"\" width=\"450\" height=\"536\" \/><\/a><\/p>\n<p>Det har jeg v\u00e6ret lidt l\u00e6nge om, men nu blev det monteret, det s\u00f8de lille barnevognst\u00e6ppe til Ida. Jeg er lidt vild med farverne og den kraftige struktur. Og ikke mindst det &#8220;fr\u00e6kke&#8221; gr\u00f8nne pift!<\/p>\n<p><a href=\"http:\/\/www.syenlap.dk\/wp-content\/uploads\/2008\/11\/hc3a6klet-barnevognstc3a6ppe.jpg\" rel=\"lightbox[1265]\"><img loading=\"lazy\" decoding=\"async\" class=\"alignnone size-full wp-image-1267\" title=\"hc3a6klet-barnevognstc3a6ppe\" src=\"http:\/\/www.syenlap.dk\/wp-content\/uploads\/2008\/11\/hc3a6klet-barnevognstc3a6ppe.jpg\" alt=\"\" width=\"450\" height=\"559\" \/><\/a><\/p>\n<p><a href=\"http:\/\/www.syenlap.dk\/wp-content\/uploads\/2008\/11\/hc3a6klet-barnevognstc3a6ppe-detail.jpg\" rel=\"lightbox[1265]\"><img loading=\"lazy\" decoding=\"async\" class=\"alignright size-medium wp-image-1268\" title=\"hc3a6klet-barnevognstc3a6ppe-detail\" src=\"http:\/\/www.syenlap.dk\/wp-content\/uploads\/2008\/11\/hc3a6klet-barnevognstc3a6ppe-detail-292x300.jpg\" alt=\"\" width=\"292\" height=\"300\" \/><\/a><\/p>\n<p>H\u00e6klekit fra <a href=\"http:\/\/www.marknodesign.dk\/product.asp?product=13345\" target=\"_blank\">Markno<\/a>\u00a0f\u00e5s b\u00e5de til dreng og pige.<\/p>\n<p>Garn: Dora, 50% bomuld, 50% acryl. H\u00e6klen\u00e5l nr 4<br \/>\nDesign Bettina Koefoed.<br \/>\nM\u00e5l: 60 x 80 cm.<\/p>\n","protected":false},"excerpt":{"rendered":"<p>Det har jeg v\u00e6ret lidt l\u00e6nge om, men nu blev det monteret, det s\u00f8de lille barnevognst\u00e6ppe til Ida. Jeg er lidt vild med farverne og den kraftige struktur. Og ikke mindst det &#8220;fr\u00e6kke&#8221; gr\u00f8nne pift! H\u00e6klekit fra Markno\u00a0f\u00e5s b\u00e5de til &hellip; <a href=\"http:\/\/www.syenlap.dk\/?p=1265\">L\u00e6s resten <span class=\"meta-nav\">&rarr;<\/span><\/a><\/p>\n","protected":false},"author":2,"featured_media":0,"comment_status":"open","ping_status":"open","sticky":false,"template":"","format":"standard","meta":{"footnotes":""},"categories":[16],"tags":[],"class_list":["post-1265","post","type-post","status-publish","format-standard","hentry","category-strik"],"_links":{"self":[{"href":"http:\/\/www.syenlap.dk\/index.php?rest_route=\/wp\/v2\/posts\/1265","targetHints":{"allow":["GET"]}}],"collection":[{"href":"http:\/\/www.syenlap.dk\/index.php?rest_route=\/wp\/v2\/posts"}],"about":[{"href":"http:\/\/www.syenlap.dk\/index.php?rest_route=\/wp\/v2\/types\/post"}],"author":[{"embeddable":true,"href":"http:\/\/www.syenlap.dk\/index.php?rest_route=\/wp\/v2\/users\/2"}],"replies":[{"embeddable":true,"href":"http:\/\/www.syenlap.dk\/index.php?rest_route=%2Fwp%2Fv2%2Fcomments&post=1265"}],"version-history":[{"count":0,"href":"http:\/\/www.syenlap.dk\/index.php?rest_route=\/wp\/v2\/posts\/1265\/revisions"}],"wp:attachment":[{"href":"http:\/\/www.syenlap.dk\/index.php?rest_route=%2Fwp%2Fv2%2Fmedia&parent=1265"}],"wp:term":[{"taxonomy":"category","embeddable":true,"href":"http:\/\/www.syenlap.dk\/index.php?rest_route=%2Fwp%2Fv2%2Fcategories&post=1265"},{"taxonomy":"post_tag","embeddable":true,"href":"http:\/\/www.syenlap.dk\/index.php?rest_route=%2Fwp%2Fv2%2Ftags&post=1265"}],"curies":[{"name":"wp","href":"https:\/\/api.w.org\/{rel}","templated":true}]}}