{"id":1394,"date":"2008-12-07T11:30:25","date_gmt":"2008-12-07T09:30:25","guid":{"rendered":"http:\/\/www.syenlap.dk\/?p=1394"},"modified":"2008-12-07T11:30:25","modified_gmt":"2008-12-07T09:30:25","slug":"lenes-vest-i-vendestrik","status":"publish","type":"post","link":"http:\/\/www.syenlap.dk\/?p=1394","title":{"rendered":"Lenes vest i vendestrik"},"content":{"rendered":"<p>Jeg s\u00e5 i g\u00e5r en vest og en tr\u00f8je, som jeg ikke kan f\u00e5 ud af hovedet! Den er bare s\u00e5 utroligt flot, strikket i Kauni\u00a0lilla og effektgarn. Det er Lene i <a href=\"http:\/\/www.lenep-katrinelund.dk\/home.php\" target=\"_blank\">G\u00e5rdbutikken Katrinelund<\/a>, som ligger ikke langt herfra (mellem Br\u00e6dstrup og Silkeborg), der har designet og strikket den. Og den er allerede meget popul\u00e6r, siger Lene.<\/p>\n<p><a href=\"http:\/\/www.syenlap.dk\/wp-content\/uploads\/2008\/12\/vestivendesrrik.jpg\" rel=\"lightbox[1394]\"><\/a><\/p>\n<p><a href=\"http:\/\/www.syenlap.dk\/wp-content\/uploads\/2008\/12\/vestivendesrrik1.jpg\" rel=\"lightbox[1394]\"><img loading=\"lazy\" decoding=\"async\" class=\"alignnone size-full wp-image-1399\" title=\"vestivendesrrik1\" src=\"http:\/\/www.syenlap.dk\/wp-content\/uploads\/2008\/12\/vestivendesrrik1.jpg\" alt=\"\" width=\"450\" height=\"568\" \/><\/a><a href=\"http:\/\/www.syenlap.dk\/wp-content\/uploads\/2008\/12\/vestivendestrik21.jpg\" rel=\"lightbox[1394]\"><img loading=\"lazy\" decoding=\"async\" class=\"alignright size-medium wp-image-1400\" title=\"vestivendestrik21\" src=\"http:\/\/www.syenlap.dk\/wp-content\/uploads\/2008\/12\/vestivendestrik21-237x300.jpg\" alt=\"\" width=\"237\" height=\"300\" \/><\/a><a href=\"http:\/\/www.syenlap.dk\/wp-content\/uploads\/2008\/12\/vestivendestrik2.jpg\" rel=\"lightbox[1394]\"><\/a><\/p>\n<p>Her er den vist som vest, Lene har ogs\u00e5 lavet modellen som tr\u00f8je i samme garn.<\/p>\n<p>Katrinelund kan findes <a href=\"http:\/\/www.lenep-katrinelund.dk\/home.php\" target=\"_blank\">her<\/a>.<\/p>\n<p>Butikken er i h\u00f8j grad et bes\u00f8g v\u00e6rd!<\/p>\n","protected":false},"excerpt":{"rendered":"<p>Jeg s\u00e5 i g\u00e5r en vest og en tr\u00f8je, som jeg ikke kan f\u00e5 ud af hovedet! Den er bare s\u00e5 utroligt flot, strikket i Kauni\u00a0lilla og effektgarn. Det er Lene i G\u00e5rdbutikken Katrinelund, som ligger ikke langt herfra (mellem &hellip; <a href=\"http:\/\/www.syenlap.dk\/?p=1394\">L\u00e6s resten <span class=\"meta-nav\">&rarr;<\/span><\/a><\/p>\n","protected":false},"author":2,"featured_media":0,"comment_status":"open","ping_status":"open","sticky":false,"template":"","format":"standard","meta":{"footnotes":""},"categories":[16],"tags":[],"class_list":["post-1394","post","type-post","status-publish","format-standard","hentry","category-strik"],"_links":{"self":[{"href":"http:\/\/www.syenlap.dk\/index.php?rest_route=\/wp\/v2\/posts\/1394","targetHints":{"allow":["GET"]}}],"collection":[{"href":"http:\/\/www.syenlap.dk\/index.php?rest_route=\/wp\/v2\/posts"}],"about":[{"href":"http:\/\/www.syenlap.dk\/index.php?rest_route=\/wp\/v2\/types\/post"}],"author":[{"embeddable":true,"href":"http:\/\/www.syenlap.dk\/index.php?rest_route=\/wp\/v2\/users\/2"}],"replies":[{"embeddable":true,"href":"http:\/\/www.syenlap.dk\/index.php?rest_route=%2Fwp%2Fv2%2Fcomments&post=1394"}],"version-history":[{"count":0,"href":"http:\/\/www.syenlap.dk\/index.php?rest_route=\/wp\/v2\/posts\/1394\/revisions"}],"wp:attachment":[{"href":"http:\/\/www.syenlap.dk\/index.php?rest_route=%2Fwp%2Fv2%2Fmedia&parent=1394"}],"wp:term":[{"taxonomy":"category","embeddable":true,"href":"http:\/\/www.syenlap.dk\/index.php?rest_route=%2Fwp%2Fv2%2Fcategories&post=1394"},{"taxonomy":"post_tag","embeddable":true,"href":"http:\/\/www.syenlap.dk\/index.php?rest_route=%2Fwp%2Fv2%2Ftags&post=1394"}],"curies":[{"name":"wp","href":"https:\/\/api.w.org\/{rel}","templated":true}]}}