{"id":14264,"date":"2012-02-19T19:29:17","date_gmt":"2012-02-19T17:29:17","guid":{"rendered":"http:\/\/www.syenlap.dk\/?p=14264"},"modified":"2012-02-19T21:20:56","modified_gmt":"2012-02-19T19:20:56","slug":"victor-1-maned-gammel","status":"publish","type":"post","link":"http:\/\/www.syenlap.dk\/?p=14264","title":{"rendered":"Victor 1 m\u00e5ned gammel"},"content":{"rendered":"<p><img loading=\"lazy\" decoding=\"async\" title=\"190212 victor 1 md gammel\" src=\"http:\/\/www.syenlap.dk\/wp-content\/uploads\/2012\/02\/190212-victor-1-md-gammel.jpg\" alt=\"\" width=\"600\" height=\"580\" \/><\/p>\n<p>Victor er i dag en m\u00e5ned gammel &#8211; utroligt, s\u00e5 hurtigt det g\u00e5r! Hans mor har taget det fantastisk gode billede.<\/p>\n<p><a href=\"http:\/\/www.syenlap.dk\/wp-content\/uploads\/2012\/02\/190212-whisky.jpg\" rel=\"lightbox[14264]\"><img loading=\"lazy\" decoding=\"async\" class=\"aligncenter size-full wp-image-14269\" title=\"190212 whisky\" src=\"http:\/\/www.syenlap.dk\/wp-content\/uploads\/2012\/02\/190212-whisky.jpg\" alt=\"\" width=\"500\" height=\"608\" srcset=\"http:\/\/www.syenlap.dk\/wp-content\/uploads\/2012\/02\/190212-whisky.jpg 500w, http:\/\/www.syenlap.dk\/wp-content\/uploads\/2012\/02\/190212-whisky-246x300.jpg 246w\" sizes=\"auto, (max-width: 500px) 100vw, 500px\" \/><\/a><\/p>\n<p>Han og hans mor og far er p\u00e5 nogle dages bes\u00f8g hos Farmor, og vi nyder det allesammen &#8211; ogs\u00e5 Whisky, selv om han alts\u00e5 ikke kan lide, n\u00e5r Victor gr\u00e6der lidt, det virker som om han er usikker p\u00e5, hvad der sker? og om vi passer godt nok p\u00e5 den lille?<\/p>\n<p><a href=\"http:\/\/www.syenlap.dk\/wp-content\/uploads\/2012\/02\/190212-victors-t\u00e6ppe.jpg\" rel=\"lightbox[14264]\"><img loading=\"lazy\" decoding=\"async\" class=\"aligncenter size-full wp-image-14266\" title=\"190212 victors t\u00e6ppe\" src=\"http:\/\/www.syenlap.dk\/wp-content\/uploads\/2012\/02\/190212-victors-t\u00e6ppe.jpg\" alt=\"\" width=\"600\" height=\"487\" srcset=\"http:\/\/www.syenlap.dk\/wp-content\/uploads\/2012\/02\/190212-victors-t\u00e6ppe.jpg 600w, http:\/\/www.syenlap.dk\/wp-content\/uploads\/2012\/02\/190212-victors-t\u00e6ppe-300x243.jpg 300w, http:\/\/www.syenlap.dk\/wp-content\/uploads\/2012\/02\/190212-victors-t\u00e6ppe-369x300.jpg 369w\" sizes=\"auto, (max-width: 600px) 100vw, 600px\" \/><\/a><\/p>\n<p>Victor\u00a0har indviet sit t\u00e6ppe i dag &#8211; nej, han fylder ikke meget p\u00e5 t\u00e6ppet, og han l\u00e5 da ogs\u00e5 kun p\u00e5 det, mens han blev fotograferet, ellers har han dyne p\u00e5. Men han l\u00e5 l\u00e6nge ved terrassed\u00f8ren og kiggede ud p\u00e5 lys og skygge, fugle og bev\u00e6gelser i haven, det kunne han godt lide. Han kan jo ikke sove HELE tiden.<\/p>\n<p>Det er s\u00e5 dejligt at se, at han trives, han er stadig lille, men han har da taget 50% p\u00e5 i l\u00f8bet af denne f\u00f8rste m\u00e5ned, det er ikke s\u00e5 d\u00e5rligt! Og det er helt tydeligt, at han har det godt, han spiser godt, sover det meste af tiden og er nem og meget, meget s\u00f8d. Hvor er jeg glad for at have ham t\u00e6t p\u00e5 i nogle dage p\u00e5 dette tidlige tidspunkt af hans liv.<\/p>\n<p>&nbsp;<\/p>\n<p>&nbsp;<\/p>\n","protected":false},"excerpt":{"rendered":"<p>Victor er i dag en m\u00e5ned gammel &#8211; utroligt, s\u00e5 hurtigt det g\u00e5r! Hans mor har taget det fantastisk gode billede. Han og hans mor og far er p\u00e5 nogle dages bes\u00f8g hos Farmor, og vi nyder det allesammen &#8211; &hellip; <a href=\"http:\/\/www.syenlap.dk\/?p=14264\">L\u00e6s resten <span class=\"meta-nav\">&rarr;<\/span><\/a><\/p>\n","protected":false},"author":2,"featured_media":0,"comment_status":"open","ping_status":"open","sticky":false,"template":"","format":"standard","meta":{"footnotes":""},"categories":[5,7,15],"tags":[],"class_list":["post-14264","post","type-post","status-publish","format-standard","hentry","category-familien","category-glder-og-sorger","category-patchwork"],"_links":{"self":[{"href":"http:\/\/www.syenlap.dk\/index.php?rest_route=\/wp\/v2\/posts\/14264","targetHints":{"allow":["GET"]}}],"collection":[{"href":"http:\/\/www.syenlap.dk\/index.php?rest_route=\/wp\/v2\/posts"}],"about":[{"href":"http:\/\/www.syenlap.dk\/index.php?rest_route=\/wp\/v2\/types\/post"}],"author":[{"embeddable":true,"href":"http:\/\/www.syenlap.dk\/index.php?rest_route=\/wp\/v2\/users\/2"}],"replies":[{"embeddable":true,"href":"http:\/\/www.syenlap.dk\/index.php?rest_route=%2Fwp%2Fv2%2Fcomments&post=14264"}],"version-history":[{"count":4,"href":"http:\/\/www.syenlap.dk\/index.php?rest_route=\/wp\/v2\/posts\/14264\/revisions"}],"predecessor-version":[{"id":14271,"href":"http:\/\/www.syenlap.dk\/index.php?rest_route=\/wp\/v2\/posts\/14264\/revisions\/14271"}],"wp:attachment":[{"href":"http:\/\/www.syenlap.dk\/index.php?rest_route=%2Fwp%2Fv2%2Fmedia&parent=14264"}],"wp:term":[{"taxonomy":"category","embeddable":true,"href":"http:\/\/www.syenlap.dk\/index.php?rest_route=%2Fwp%2Fv2%2Fcategories&post=14264"},{"taxonomy":"post_tag","embeddable":true,"href":"http:\/\/www.syenlap.dk\/index.php?rest_route=%2Fwp%2Fv2%2Ftags&post=14264"}],"curies":[{"name":"wp","href":"https:\/\/api.w.org\/{rel}","templated":true}]}}