{"id":1459,"date":"2008-12-13T00:08:51","date_gmt":"2008-12-12T22:08:51","guid":{"rendered":"http:\/\/www.syenlap.dk\/?p=1459"},"modified":"2008-12-13T00:08:51","modified_gmt":"2008-12-12T22:08:51","slug":"vi-juler","status":"publish","type":"post","link":"http:\/\/www.syenlap.dk\/?p=1459","title":{"rendered":"Vi juler"},"content":{"rendered":"<p>Vi juler mere eller mindre allesammen. Vi har ikke det store overskud til at h\u00e6nge lys i tr\u00e6erne, som vi plejer, og det er heller ikke al julepynten, der kommer frem.<\/p>\n<p><a href=\"http:\/\/www.syenlap.dk\/wp-content\/uploads\/2008\/12\/julelc3b8ber-400.jpg\" rel=\"lightbox[1459]\"><\/a><a href=\"http:\/\/www.syenlap.dk\/wp-content\/uploads\/2008\/12\/julelc3b8ber-450.jpg\" rel=\"lightbox[1459]\"><\/a><a href=\"http:\/\/www.syenlap.dk\/wp-content\/uploads\/2008\/12\/julelc3b8ber-300.jpg\" rel=\"lightbox[1459]\"><\/a><\/p>\n<p><a href=\"http:\/\/www.syenlap.dk\/wp-content\/uploads\/2008\/12\/julelc3b8ber-250.jpg\" rel=\"lightbox[1459]\"><\/a><\/p>\n<p><a href=\"http:\/\/www.syenlap.dk\/wp-content\/uploads\/2008\/12\/julelc3b8ber-4501.jpg\" rel=\"lightbox[1459]\"><img loading=\"lazy\" decoding=\"async\" class=\"alignnone size-full wp-image-1468\" title=\"julelc3b8ber-4501\" src=\"http:\/\/www.syenlap.dk\/wp-content\/uploads\/2008\/12\/julelc3b8ber-4501.jpg\" alt=\"\" width=\"450\" height=\"131\" \/><\/a><\/p>\n<p>\u00a0<\/p>\n<p>Men min yngste svigerdatter kan slet ikke f\u00e5 jul og julepynt nok! Hun har nisser overalt og mange fine juleting i hele huset!<\/p>\n<p>Og min s\u00f8n f\u00e5r, efter at han er blevet gift, nu pakkekalender, ligesom da han var lille! Det g\u00f8r hendes Mor ogs\u00e5, og det er jo ikke sm\u00e5gaver, der er i pakkerne.<\/p>\n<p>Se nu her, hvad Nicolaj har f\u00e5et i en pakke. Den fineste broderede julel\u00f8ber! Og hun fortalte ham, mens hun broderede p\u00e5 den, at den var til hendes Mor!<\/p>\n<p>Ja, s\u00e5dan nogle snyderier brugte vi ogs\u00e5 engang.\u00a0<\/p>\n<p><a href=\"http:\/\/www.syenlap.dk\/wp-content\/uploads\/2008\/12\/julelc3b8ber-2-400.jpg\" rel=\"lightbox[1459]\"><\/a><\/p>\n<p><img loading=\"lazy\" decoding=\"async\" class=\"alignright size-full wp-image-1464\" title=\"julelc3b8ber-2-4001\" src=\"http:\/\/www.syenlap.dk\/wp-content\/uploads\/2008\/12\/julelc3b8ber-2-4001.jpg\" alt=\"\" width=\"300\" height=\"434\" \/><\/p>\n<p>\u00a0<\/p>\n<p>Og selvf\u00f8lgelig smitter det, s\u00e5 Nicolaj pynter med lysk\u00e6der, nissem\u00e6nd osv i haven.<\/p>\n<p>\u00a0<\/p>\n<p>\u00a0<\/p>\n<p>\u00a0<\/p>\n<p>\u00a0<\/p>\n<p>\u00a0<\/p>\n<p>\u00a0<\/p>\n<p>\u00a0<\/p>\n<p>\u00a0<\/p>\n<p>\u00a0<\/p>\n<p>Vi n\u00f8jes med lidt lys i lanterner og en d\u00f8rpynt + en eneb\u00e6r med lys ved hovedd\u00f8ren.<\/p>\n<p><a href=\"http:\/\/www.syenlap.dk\/wp-content\/uploads\/2008\/12\/carport.jpg\" rel=\"lightbox[1459]\"><img loading=\"lazy\" decoding=\"async\" class=\"alignnone size-full wp-image-1470\" title=\"carport\" src=\"http:\/\/www.syenlap.dk\/wp-content\/uploads\/2008\/12\/carport.jpg\" alt=\"\" width=\"450\" height=\"470\" \/><\/a><\/p>\n<p>S\u00e5 m\u00e5 vi nyde naboernes lysk\u00e6der! Det er heldigvis altsammen p\u00e6nt og hyggeligt.<a href=\"http:\/\/www.syenlap.dk\/wp-content\/uploads\/2008\/12\/dc3b8rbuket.jpg\" rel=\"lightbox[1459]\"><\/a><\/p>\n<p><a href=\"http:\/\/www.syenlap.dk\/wp-content\/uploads\/2008\/12\/julelc3b8ber-2.jpg\" rel=\"lightbox[1459]\"><\/a><\/p>\n","protected":false},"excerpt":{"rendered":"<p>Vi juler mere eller mindre allesammen. Vi har ikke det store overskud til at h\u00e6nge lys i tr\u00e6erne, som vi plejer, og det er heller ikke al julepynten, der kommer frem. \u00a0 Men min yngste svigerdatter kan slet ikke f\u00e5 &hellip; <a href=\"http:\/\/www.syenlap.dk\/?p=1459\">L\u00e6s resten <span class=\"meta-nav\">&rarr;<\/span><\/a><\/p>\n","protected":false},"author":2,"featured_media":0,"comment_status":"open","ping_status":"open","sticky":false,"template":"","format":"standard","meta":{"footnotes":""},"categories":[5,8],"tags":[],"class_list":["post-1459","post","type-post","status-publish","format-standard","hentry","category-familien","category-haven"],"_links":{"self":[{"href":"http:\/\/www.syenlap.dk\/index.php?rest_route=\/wp\/v2\/posts\/1459","targetHints":{"allow":["GET"]}}],"collection":[{"href":"http:\/\/www.syenlap.dk\/index.php?rest_route=\/wp\/v2\/posts"}],"about":[{"href":"http:\/\/www.syenlap.dk\/index.php?rest_route=\/wp\/v2\/types\/post"}],"author":[{"embeddable":true,"href":"http:\/\/www.syenlap.dk\/index.php?rest_route=\/wp\/v2\/users\/2"}],"replies":[{"embeddable":true,"href":"http:\/\/www.syenlap.dk\/index.php?rest_route=%2Fwp%2Fv2%2Fcomments&post=1459"}],"version-history":[{"count":0,"href":"http:\/\/www.syenlap.dk\/index.php?rest_route=\/wp\/v2\/posts\/1459\/revisions"}],"wp:attachment":[{"href":"http:\/\/www.syenlap.dk\/index.php?rest_route=%2Fwp%2Fv2%2Fmedia&parent=1459"}],"wp:term":[{"taxonomy":"category","embeddable":true,"href":"http:\/\/www.syenlap.dk\/index.php?rest_route=%2Fwp%2Fv2%2Fcategories&post=1459"},{"taxonomy":"post_tag","embeddable":true,"href":"http:\/\/www.syenlap.dk\/index.php?rest_route=%2Fwp%2Fv2%2Ftags&post=1459"}],"curies":[{"name":"wp","href":"https:\/\/api.w.org\/{rel}","templated":true}]}}