{"id":1557,"date":"2008-12-23T14:25:14","date_gmt":"2008-12-23T12:25:14","guid":{"rendered":"http:\/\/www.syenlap.dk\/?p=1557"},"modified":"2008-12-23T14:25:14","modified_gmt":"2008-12-23T12:25:14","slug":"silke-v%c3%a6gt%c3%a6ppe-f%c3%a6rdigt","status":"publish","type":"post","link":"http:\/\/www.syenlap.dk\/?p=1557","title":{"rendered":"Silke v\u00e6gt\u00e6ppe f\u00e6rdigt"},"content":{"rendered":"<p><a href=\"http:\/\/www.syenlap.dk\/wp-content\/uploads\/2008\/12\/mc3b8ller-32.jpg\" rel=\"lightbox[1557]\"><img loading=\"lazy\" decoding=\"async\" class=\"alignnone size-full wp-image-1558\" title=\"mc3b8ller-32\" src=\"http:\/\/www.syenlap.dk\/wp-content\/uploads\/2008\/12\/mc3b8ller-32.jpg\" alt=\"\" width=\"450\" height=\"450\" \/><\/a><\/p>\n<p>Quiltet og f\u00e6rdigt til at blive pakket ind som julegave! Jeg er sikker p\u00e5, at modtageren af v\u00e6gt\u00e6ppet i de sk\u00f8nne silkestoffer bliver glad! Hun har faktisk selv for\u00e6ret mig den gr\u00f8nne silke, som var en \u00e6gte japansk kimono, til brug for patchwork, og dette er det andet, jeg syr af den (og der er masser endnu!). Den f\u00f8rste ses <a href=\"http:\/\/www.kludekoner.dk\/forside.php?ssprog=dansk&amp;&amp;vispic=2173\" target=\"_blank\">her<\/a>.<br \/>\nDen pink silke er et fint t\u00f8rkl\u00e6de, som ogs\u00e5 er en for\u00e6ring, resten er fra mit eget &#8220;lager&#8221;.<\/p>\n<p><a href=\"http:\/\/www.syenlap.dk\/wp-content\/uploads\/2008\/12\/mc3b8ller-12.jpg\" rel=\"lightbox[1557]\"><img loading=\"lazy\" decoding=\"async\" class=\"alignleft size-medium wp-image-1559\" title=\"mc3b8ller-12\" src=\"http:\/\/www.syenlap.dk\/wp-content\/uploads\/2008\/12\/mc3b8ller-12-300x214.jpg\" alt=\"\" width=\"300\" height=\"214\" \/><\/a><\/p>\n<p>Jeg er rigtig veltilfreds med resultatet, silkestofferne giver en smuk gl\u00f8d, og det s\u00f8de japanske stof med vifter og blomster er kommet til sin ret. Det er noget, jeg har haft meget l\u00e6nge, men de \u00f8vrige af den type stoffer, som jeg f.eks. har brugt <a href=\"http:\/\/www.kludekoner.dk\/forside.php?ssprog=dansk&amp;&amp;vispic=970\" target=\"_blank\">her<\/a>\u00a0, har sort eller gylden bundfarve, og denne er bl\u00e5 i bunden og ser forkert ud dertil.<\/p>\n<p><a href=\"http:\/\/www.syenlap.dk\/wp-content\/uploads\/2008\/12\/mc3b8ller-22.jpg\" rel=\"lightbox[1557]\"><img loading=\"lazy\" decoding=\"async\" class=\"alignright size-medium wp-image-1560\" title=\"mc3b8ller-22\" src=\"http:\/\/www.syenlap.dk\/wp-content\/uploads\/2008\/12\/mc3b8ller-22-300x253.jpg\" alt=\"\" width=\"300\" height=\"253\" \/><\/a><\/p>\n<p>Den tredimensionelle teknik giver meget liv, men det kr\u00e6ver en god symaskine at sy igennem alle de lag<\/p>\n<p>\u00a0<\/p>\n<p>\u00a0<\/p>\n<p>\u00a0<\/p>\n<p>\u00a0<\/p>\n<p>\u00a0<\/p>\n<p><a href=\"http:\/\/www.syenlap.dk\/wp-content\/uploads\/2008\/12\/mc3b8ller-6.jpg\" rel=\"lightbox[1557]\"><img loading=\"lazy\" decoding=\"async\" class=\"alignnone size-full wp-image-1561\" title=\"mc3b8ller-6\" src=\"http:\/\/www.syenlap.dk\/wp-content\/uploads\/2008\/12\/mc3b8ller-6.jpg\" alt=\"\" width=\"450\" height=\"453\" \/><\/a>.<\/p>\n<p>Jeg har quiltet med gr\u00e5-gr\u00f8nne ferskvandperler, som har en smuk glans.<br \/>\nM\u00f8nsteret er mit eget, som jeg kalder &#8220;Kinesiske M\u00f8ller&#8221;.<\/p>\n","protected":false},"excerpt":{"rendered":"<p>Quiltet og f\u00e6rdigt til at blive pakket ind som julegave! Jeg er sikker p\u00e5, at modtageren af v\u00e6gt\u00e6ppet i de sk\u00f8nne silkestoffer bliver glad! Hun har faktisk selv for\u00e6ret mig den gr\u00f8nne silke, som var en \u00e6gte japansk kimono, til &hellip; <a href=\"http:\/\/www.syenlap.dk\/?p=1557\">L\u00e6s resten <span class=\"meta-nav\">&rarr;<\/span><\/a><\/p>\n","protected":false},"author":2,"featured_media":0,"comment_status":"open","ping_status":"open","sticky":false,"template":"","format":"standard","meta":{"footnotes":""},"categories":[15],"tags":[43],"class_list":["post-1557","post","type-post","status-publish","format-standard","hentry","category-patchwork","tag-kinesiske-mller"],"_links":{"self":[{"href":"http:\/\/www.syenlap.dk\/index.php?rest_route=\/wp\/v2\/posts\/1557","targetHints":{"allow":["GET"]}}],"collection":[{"href":"http:\/\/www.syenlap.dk\/index.php?rest_route=\/wp\/v2\/posts"}],"about":[{"href":"http:\/\/www.syenlap.dk\/index.php?rest_route=\/wp\/v2\/types\/post"}],"author":[{"embeddable":true,"href":"http:\/\/www.syenlap.dk\/index.php?rest_route=\/wp\/v2\/users\/2"}],"replies":[{"embeddable":true,"href":"http:\/\/www.syenlap.dk\/index.php?rest_route=%2Fwp%2Fv2%2Fcomments&post=1557"}],"version-history":[{"count":0,"href":"http:\/\/www.syenlap.dk\/index.php?rest_route=\/wp\/v2\/posts\/1557\/revisions"}],"wp:attachment":[{"href":"http:\/\/www.syenlap.dk\/index.php?rest_route=%2Fwp%2Fv2%2Fmedia&parent=1557"}],"wp:term":[{"taxonomy":"category","embeddable":true,"href":"http:\/\/www.syenlap.dk\/index.php?rest_route=%2Fwp%2Fv2%2Fcategories&post=1557"},{"taxonomy":"post_tag","embeddable":true,"href":"http:\/\/www.syenlap.dk\/index.php?rest_route=%2Fwp%2Fv2%2Ftags&post=1557"}],"curies":[{"name":"wp","href":"https:\/\/api.w.org\/{rel}","templated":true}]}}