{"id":1565,"date":"2008-12-25T19:17:04","date_gmt":"2008-12-25T17:17:04","guid":{"rendered":"http:\/\/www.syenlap.dk\/?p=1565"},"modified":"2008-12-25T19:17:04","modified_gmt":"2008-12-25T17:17:04","slug":"lun-og-l%c3%a6kker-julegave","status":"publish","type":"post","link":"http:\/\/www.syenlap.dk\/?p=1565","title":{"rendered":"Lun og l\u00e6kker julegave"},"content":{"rendered":"<p><a href=\"http:\/\/www.syenlap.dk\/wp-content\/uploads\/2008\/12\/pigehalstc3b8rklc3a6de-og-hue-1.jpg\" rel=\"lightbox[1565]\"><img loading=\"lazy\" decoding=\"async\" class=\"alignnone size-full wp-image-1566\" title=\"pigehalstc3b8rklc3a6de-og-hue-1\" src=\"http:\/\/www.syenlap.dk\/wp-content\/uploads\/2008\/12\/pigehalstc3b8rklc3a6de-og-hue-1.jpg\" alt=\"\" width=\"450\" height=\"533\" \/><\/a><\/p>\n<p>Det er dejligt, n\u00e5r de hjemmelavede julegaver g\u00f8r lykke. Det gjorde t\u00f8kl\u00e6de\/hue-s\u00e6ttet til Christina i hvert fald, og nu kan jeg s\u00e5 vise det! Det blev indviet i dag.<\/p>\n<p>M\u00f8nsteret er fra ugebladet Hjemmet, <a href=\"http:\/\/www.karen-noe.dk\/Default.asp?site=view&amp;view=270\" target=\"_blank\">design Karen Noe<\/a>. Men jeg har brugt et andet garn, nemlig <a href=\"http:\/\/www.marknodesign.dk\/product.asp?product=13427\" target=\"_blank\">Natural Dye Studio<\/a>\u00a0som er knap s\u00e5 dyrt og meget l\u00e6kkert og bl\u00f8dt, ikke noget, der kradser! Og det passer modtageren fint.<\/p>\n<p><a href=\"http:\/\/www.syenlap.dk\/wp-content\/uploads\/2008\/12\/pigehalstc3b8rklc3a6de-og-hue-2.jpg\" rel=\"lightbox[1565]\"><img loading=\"lazy\" decoding=\"async\" class=\"alignleft size-medium wp-image-1567\" title=\"pigehalstc3b8rklc3a6de-og-hue-2\" src=\"http:\/\/www.syenlap.dk\/wp-content\/uploads\/2008\/12\/pigehalstc3b8rklc3a6de-og-hue-2-186x300.jpg\" alt=\"\" width=\"186\" height=\"300\" \/><\/a>\u00b4<\/p>\n<p>Begge dele kan vendes p\u00e5 forskellige m\u00e5de, huen mest fordi der var knap med det lyse garn, s\u00e5 der blev en variation! Huen er foeret, dvs den er strikket dobbelt i det nederste stykke, s\u00e5 den er dejlig varm.<\/p>\n","protected":false},"excerpt":{"rendered":"<p>Det er dejligt, n\u00e5r de hjemmelavede julegaver g\u00f8r lykke. Det gjorde t\u00f8kl\u00e6de\/hue-s\u00e6ttet til Christina i hvert fald, og nu kan jeg s\u00e5 vise det! Det blev indviet i dag. M\u00f8nsteret er fra ugebladet Hjemmet, design Karen Noe. Men jeg har &hellip; <a href=\"http:\/\/www.syenlap.dk\/?p=1565\">L\u00e6s resten <span class=\"meta-nav\">&rarr;<\/span><\/a><\/p>\n","protected":false},"author":2,"featured_media":0,"comment_status":"open","ping_status":"open","sticky":false,"template":"","format":"standard","meta":{"footnotes":""},"categories":[16],"tags":[],"class_list":["post-1565","post","type-post","status-publish","format-standard","hentry","category-strik"],"_links":{"self":[{"href":"http:\/\/www.syenlap.dk\/index.php?rest_route=\/wp\/v2\/posts\/1565","targetHints":{"allow":["GET"]}}],"collection":[{"href":"http:\/\/www.syenlap.dk\/index.php?rest_route=\/wp\/v2\/posts"}],"about":[{"href":"http:\/\/www.syenlap.dk\/index.php?rest_route=\/wp\/v2\/types\/post"}],"author":[{"embeddable":true,"href":"http:\/\/www.syenlap.dk\/index.php?rest_route=\/wp\/v2\/users\/2"}],"replies":[{"embeddable":true,"href":"http:\/\/www.syenlap.dk\/index.php?rest_route=%2Fwp%2Fv2%2Fcomments&post=1565"}],"version-history":[{"count":0,"href":"http:\/\/www.syenlap.dk\/index.php?rest_route=\/wp\/v2\/posts\/1565\/revisions"}],"wp:attachment":[{"href":"http:\/\/www.syenlap.dk\/index.php?rest_route=%2Fwp%2Fv2%2Fmedia&parent=1565"}],"wp:term":[{"taxonomy":"category","embeddable":true,"href":"http:\/\/www.syenlap.dk\/index.php?rest_route=%2Fwp%2Fv2%2Fcategories&post=1565"},{"taxonomy":"post_tag","embeddable":true,"href":"http:\/\/www.syenlap.dk\/index.php?rest_route=%2Fwp%2Fv2%2Ftags&post=1565"}],"curies":[{"name":"wp","href":"https:\/\/api.w.org\/{rel}","templated":true}]}}