{"id":1575,"date":"2008-12-25T21:37:40","date_gmt":"2008-12-25T19:37:40","guid":{"rendered":"http:\/\/www.syenlap.dk\/?p=1575"},"modified":"2008-12-25T21:37:40","modified_gmt":"2008-12-25T19:37:40","slug":"en-dejlig-familiejuleaften","status":"publish","type":"post","link":"http:\/\/www.syenlap.dk\/?p=1575","title":{"rendered":"En dejlig familiejuleaften"},"content":{"rendered":"<p><a href=\"http:\/\/www.syenlap.dk\/wp-content\/uploads\/2008\/12\/jul-pa-brandstation-2008.jpg\" rel=\"lightbox[1575]\"><img loading=\"lazy\" decoding=\"async\" class=\"alignleft size-medium wp-image-1576\" title=\"jul-pa-brandstation-2008\" src=\"http:\/\/www.syenlap.dk\/wp-content\/uploads\/2008\/12\/jul-pa-brandstation-2008-300x274.jpg\" alt=\"\" width=\"300\" height=\"274\" \/><\/a>Forud for Juleaften var Christian og Christina til juletr\u00e6 p\u00e5 Brandstationen, deres Fars arbejdsplads, som han er sygemeldt fra pga sin hofteoperation. Men kolleger hentede ham og familien, s\u00e5 de ogs\u00e5 kunne v\u00e6re med, n\u00e5r julemanden kom p\u00e5 bes\u00f8g.<\/p>\n<p>\u00a0<\/p>\n<p>I \u00e5r skulle vi holde juleaften hos dem sammen med S\u00f8rens 2 kusiner, og det var en dejlig aften med masser af andesteg, som var stegt perfekt, og ris a la mende &#8211; og g\u00e6t hvem der fik mandelen? Moi!<\/p>\n<p><a href=\"http:\/\/www.syenlap.dk\/wp-content\/uploads\/2008\/12\/julemiddag-2008.jpg\" rel=\"lightbox[1575]\"><img loading=\"lazy\" decoding=\"async\" class=\"alignright size-medium wp-image-1577\" title=\"julemiddag-2008\" src=\"http:\/\/www.syenlap.dk\/wp-content\/uploads\/2008\/12\/julemiddag-2008-300x206.jpg\" alt=\"\" width=\"300\" height=\"206\" \/><\/a>Jeg kan ikke huske hvorn\u00e5r jeg sidst har f\u00e5et den, og selvf\u00f8lgelig gemte jeg den i kinden, men n\u00e5r man har v\u00e6ret gift s\u00e5 l\u00e6nge, som vi har, s\u00e5 kan man ikke skjule noget for hinanden, s\u00e5 S\u00f8ren spottede straks en forandring\u00a0&#8211; ja\u00a0hvordan? men han g\u00e6ttede i hvert fald, at jeg havde den!<\/p>\n<p><a href=\"http:\/\/www.syenlap.dk\/wp-content\/uploads\/2008\/12\/juletrc3a6-2008.jpg\" rel=\"lightbox[1575]\"><img loading=\"lazy\" decoding=\"async\" class=\"alignnone size-full wp-image-1578\" title=\"juletrc3a6-2008\" src=\"http:\/\/www.syenlap.dk\/wp-content\/uploads\/2008\/12\/juletrc3a6-2008.jpg\" alt=\"\" width=\"450\" height=\"560\" \/><\/a><\/p>\n<p>Et ualmindelig smukt juletr\u00e6 var det, og flot pyntet med levende lys og mine Georg Jensen lyseholdere, som vore b\u00f8rn skiftes til at bruge, og med meget hjemmelavet julepynt, bl.a. hjerter fra Jans barndom, han var meget dygtig til at flette julehjerter.<\/p>\n<p><a href=\"http:\/\/www.syenlap.dk\/wp-content\/uploads\/2008\/12\/jul-2008.jpg\" rel=\"lightbox[1575]\"><img loading=\"lazy\" decoding=\"async\" class=\"alignleft size-medium wp-image-1579\" title=\"jul-2008\" src=\"http:\/\/www.syenlap.dk\/wp-content\/uploads\/2008\/12\/jul-2008-192x300.jpg\" alt=\"\" width=\"192\" height=\"300\" \/><\/a><\/p>\n<p>B\u00f8rnene stod for uddeling af de utallige pakker, og de var\u00a0s\u00e5 t\u00e5lmodige! De sk\u00e6vede slet ikke til, hvilke der var til dem selv og havde ikke travlt.<\/p>\n<p>Og dejlige gaver fik vi allesammen, jeg fik n\u00e6sten alle mine \u00f8nsker opfyldt, ogs\u00e5 nogle jeg ikke vidste jeg havde! F.eks. en knivsliber! M\u00e5ske var den allerbedste et utrolig dejligt billede af datter og svigers\u00f8n, som jeg har \u00f8nsket mig i \u00e5revis (s\u00e5dan ca. 16-17\u00a8\u00e5r tror jeg). Det er simpelthen en genial fotograf, der har taget det, det er s\u00e5 godt! S\u00e5 nu kan de blive synlige herhjemme ligesom de andre!<\/p>\n<p>\u00a0<\/p>\n<p>Der var ellers lige ved at g\u00e5 sk\u00e5r i vores jul, for den behandling, S\u00f8ren modtog lillejuleaften p\u00e5 sygehuset, gav nogle bivirkninger, s\u00e5 han fik det meget d\u00e5rligt om aftenen og natten. Men heldigvis gik det over, s\u00e5 han &#8220;kun&#8221; er temmelig tr\u00e6t, og han n\u00f8d at v\u00e6re sammen med familien.<\/p>\n<p>Og s\u00f8nnen har det s\u00e5 godt efter sin operation, at det n\u00e6sten ikke er til at forst\u00e5, at det kun er 3 uger siden, og han g\u00e5r kun med en enkelt stok derhjemme. Men han tr\u00e6ner ogs\u00e5 flittigt og g\u00e5r ogs\u00e5 ture sammen med Christian. S\u00e5 hans &#8220;kunder&#8221; skal snart ikke vide sig sikre mere!<\/p>\n","protected":false},"excerpt":{"rendered":"<p>Forud for Juleaften var Christian og Christina til juletr\u00e6 p\u00e5 Brandstationen, deres Fars arbejdsplads, som han er sygemeldt fra pga sin hofteoperation. Men kolleger hentede ham og familien, s\u00e5 de ogs\u00e5 kunne v\u00e6re med, n\u00e5r julemanden kom p\u00e5 bes\u00f8g. \u00a0 &hellip; <a href=\"http:\/\/www.syenlap.dk\/?p=1575\">L\u00e6s resten <span class=\"meta-nav\">&rarr;<\/span><\/a><\/p>\n","protected":false},"author":2,"featured_media":0,"comment_status":"open","ping_status":"open","sticky":false,"template":"","format":"standard","meta":{"footnotes":""},"categories":[5,12],"tags":[],"class_list":["post-1575","post","type-post","status-publish","format-standard","hentry","category-familien","category-oplevelser"],"_links":{"self":[{"href":"http:\/\/www.syenlap.dk\/index.php?rest_route=\/wp\/v2\/posts\/1575","targetHints":{"allow":["GET"]}}],"collection":[{"href":"http:\/\/www.syenlap.dk\/index.php?rest_route=\/wp\/v2\/posts"}],"about":[{"href":"http:\/\/www.syenlap.dk\/index.php?rest_route=\/wp\/v2\/types\/post"}],"author":[{"embeddable":true,"href":"http:\/\/www.syenlap.dk\/index.php?rest_route=\/wp\/v2\/users\/2"}],"replies":[{"embeddable":true,"href":"http:\/\/www.syenlap.dk\/index.php?rest_route=%2Fwp%2Fv2%2Fcomments&post=1575"}],"version-history":[{"count":0,"href":"http:\/\/www.syenlap.dk\/index.php?rest_route=\/wp\/v2\/posts\/1575\/revisions"}],"wp:attachment":[{"href":"http:\/\/www.syenlap.dk\/index.php?rest_route=%2Fwp%2Fv2%2Fmedia&parent=1575"}],"wp:term":[{"taxonomy":"category","embeddable":true,"href":"http:\/\/www.syenlap.dk\/index.php?rest_route=%2Fwp%2Fv2%2Fcategories&post=1575"},{"taxonomy":"post_tag","embeddable":true,"href":"http:\/\/www.syenlap.dk\/index.php?rest_route=%2Fwp%2Fv2%2Ftags&post=1575"}],"curies":[{"name":"wp","href":"https:\/\/api.w.org\/{rel}","templated":true}]}}