{"id":1603,"date":"2008-12-28T09:41:43","date_gmt":"2008-12-28T07:41:43","guid":{"rendered":"http:\/\/www.syenlap.dk\/?p=1603"},"modified":"2008-12-28T09:41:43","modified_gmt":"2008-12-28T07:41:43","slug":"smaprojekter-mens-jeg-hviler-benene","status":"publish","type":"post","link":"http:\/\/www.syenlap.dk\/?p=1603","title":{"rendered":"Sm\u00e5projekter mens jeg hviler benene"},"content":{"rendered":"<p><a href=\"http:\/\/www.syenlap.dk\/wp-content\/uploads\/2008\/12\/skinke.jpg\" rel=\"lightbox[1603]\"><img loading=\"lazy\" decoding=\"async\" class=\"alignnone size-full wp-image-1604\" title=\"skinke\" src=\"http:\/\/www.syenlap.dk\/wp-content\/uploads\/2008\/12\/skinke.jpg\" alt=\"\" width=\"450\" height=\"242\" \/><\/a><\/p>\n<p>Vi pr\u00f8vesmagte den svenske juleskinke og julek\u00e5len i g\u00e5r aftes, s\u00e5 jeg kan st\u00e5 inde for, at den er god!<\/p>\n<p><a href=\"http:\/\/www.syenlap.dk\/wp-content\/uploads\/2008\/12\/kal1.jpg\" rel=\"lightbox[1603]\"><img loading=\"lazy\" decoding=\"async\" class=\"alignleft size-medium wp-image-1605\" title=\"kal1\" src=\"http:\/\/www.syenlap.dk\/wp-content\/uploads\/2008\/12\/kal1-300x221.jpg\" alt=\"\" width=\"300\" height=\"221\" \/><\/a><\/p>\n<p>K\u00e5len &#8211; som ligner risengr\u00f8d, og det skal den(!) &#8211;<\/p>\n<p>\u00a0<\/p>\n<p>\u00a0<\/p>\n<p>\u00a0<\/p>\n<p>\u00a0<\/p>\n<p><a href=\"http:\/\/www.syenlap.dk\/wp-content\/uploads\/2008\/12\/sennep.jpg\" rel=\"lightbox[1603]\"><img loading=\"lazy\" decoding=\"async\" class=\"alignright size-medium wp-image-1606\" title=\"sennep\" src=\"http:\/\/www.syenlap.dk\/wp-content\/uploads\/2008\/12\/sennep-300x226.jpg\" alt=\"\" width=\"300\" height=\"226\" \/><\/a><\/p>\n<p>og julesennepen, som er st\u00e6rk og rigtig god (den kalder t\u00e5rerne frem, hvis man tager for meget) er f\u00e6rdige og godkendt!<\/p>\n<p>S\u00e5 nu kan de komme an, de unge mennesker, som kommer i dag til frokost.<\/p>\n<p>\u00a0<\/p>\n<p>\u00a0<\/p>\n<p>S\u00e5 skulle jeg lige lave lidt, mens jeg hvilede benene i g\u00e5r aftes, samtidig med at jeg s\u00e5 Matador-musical. S\u00e5 jeg fik 4 sm\u00e5projekter f\u00e6rdige:<\/p>\n<p><a href=\"http:\/\/www.syenlap.dk\/wp-content\/uploads\/2008\/12\/stc3b8vlekanter.jpg\" rel=\"lightbox[1603]\"><img loading=\"lazy\" decoding=\"async\" class=\"alignleft size-medium wp-image-1607\" title=\"stc3b8vlekanter\" src=\"http:\/\/www.syenlap.dk\/wp-content\/uploads\/2008\/12\/stc3b8vlekanter-300x236.jpg\" alt=\"\" width=\"300\" height=\"236\" \/><\/a><\/p>\n<p>Datterens st\u00f8vletittekanter, som jeg strikkede l\u00e6ngere og p\u00e5 den m\u00e5de ogs\u00e5 udnyttede garnet bedre.<\/p>\n<p>\u00a0<\/p>\n<p>\u00a0<\/p>\n<p>\u00a0<\/p>\n<p>\u00a0<\/p>\n<p><a href=\"http:\/\/www.syenlap.dk\/wp-content\/uploads\/2008\/12\/hue.jpg\" rel=\"lightbox[1603]\"><img loading=\"lazy\" decoding=\"async\" class=\"alignright size-medium wp-image-1608\" title=\"hue\" src=\"http:\/\/www.syenlap.dk\/wp-content\/uploads\/2008\/12\/hue-300x267.jpg\" alt=\"\" width=\"300\" height=\"267\" \/><\/a><\/p>\n<p>En l\u00e6kker hue til mig selv, strikket i Tosca fra <a href=\"http:\/\/www.marknodesign.dk\/group.asp?group=2756\" target=\"_blank\">Markno<\/a>\u00a0Den er godt nok hurtigt strikket.<\/p>\n<p>\u00a0<\/p>\n<p>\u00a0<\/p>\n<p>\u00a0<\/p>\n<p>\u00a0<\/p>\n<p>\u00a0<\/p>\n<p><a href=\"http:\/\/www.syenlap.dk\/wp-content\/uploads\/2008\/12\/fleece-lilla.jpg\" rel=\"lightbox[1603]\"><img loading=\"lazy\" decoding=\"async\" class=\"alignleft size-medium wp-image-1609\" title=\"fleece-lilla\" src=\"http:\/\/www.syenlap.dk\/wp-content\/uploads\/2008\/12\/fleece-lilla-300x198.jpg\" alt=\"\" width=\"300\" height=\"198\" \/><\/a>\u00a0<\/p>\n<p>Og s\u00e5 disse 2 fleecet\u00f8rkl\u00e6der, som er strikket af min <a href=\"http:\/\/www.syenlap.dk\/?p=1404\" target=\"_blank\">f\u00f8r-julegave.<\/a><\/p>\n<p>\u00a0<\/p>\n<p>\u00a0<\/p>\n<p><a href=\"http:\/\/www.syenlap.dk\/wp-content\/uploads\/2008\/12\/fleece-grc3b8n.jpg\" rel=\"lightbox[1603]\"><img loading=\"lazy\" decoding=\"async\" class=\"alignright size-medium wp-image-1610\" title=\"fleece-grc3b8n\" src=\"http:\/\/www.syenlap.dk\/wp-content\/uploads\/2008\/12\/fleece-grc3b8n-300x213.jpg\" alt=\"\" width=\"300\" height=\"213\" \/><\/a><\/p>\n<p>\u00a0<\/p>\n<p>De skal bruges i pakkelegen i eftermiddag!<br \/>\nDer er nogle svigerd\u00f8tre og en datter, der m\u00e5ske vil finde dem sjove.<\/p>\n","protected":false},"excerpt":{"rendered":"<p>Vi pr\u00f8vesmagte den svenske juleskinke og julek\u00e5len i g\u00e5r aftes, s\u00e5 jeg kan st\u00e5 inde for, at den er god! K\u00e5len &#8211; som ligner risengr\u00f8d, og det skal den(!) &#8211; \u00a0 \u00a0 \u00a0 \u00a0 og julesennepen, som er st\u00e6rk og &hellip; <a href=\"http:\/\/www.syenlap.dk\/?p=1603\">L\u00e6s resten <span class=\"meta-nav\">&rarr;<\/span><\/a><\/p>\n","protected":false},"author":2,"featured_media":0,"comment_status":"open","ping_status":"open","sticky":false,"template":"","format":"standard","meta":{"footnotes":""},"categories":[6,10,16],"tags":[],"class_list":["post-1603","post","type-post","status-publish","format-standard","hentry","category-forskelligt","category-mad","category-strik"],"_links":{"self":[{"href":"http:\/\/www.syenlap.dk\/index.php?rest_route=\/wp\/v2\/posts\/1603","targetHints":{"allow":["GET"]}}],"collection":[{"href":"http:\/\/www.syenlap.dk\/index.php?rest_route=\/wp\/v2\/posts"}],"about":[{"href":"http:\/\/www.syenlap.dk\/index.php?rest_route=\/wp\/v2\/types\/post"}],"author":[{"embeddable":true,"href":"http:\/\/www.syenlap.dk\/index.php?rest_route=\/wp\/v2\/users\/2"}],"replies":[{"embeddable":true,"href":"http:\/\/www.syenlap.dk\/index.php?rest_route=%2Fwp%2Fv2%2Fcomments&post=1603"}],"version-history":[{"count":0,"href":"http:\/\/www.syenlap.dk\/index.php?rest_route=\/wp\/v2\/posts\/1603\/revisions"}],"wp:attachment":[{"href":"http:\/\/www.syenlap.dk\/index.php?rest_route=%2Fwp%2Fv2%2Fmedia&parent=1603"}],"wp:term":[{"taxonomy":"category","embeddable":true,"href":"http:\/\/www.syenlap.dk\/index.php?rest_route=%2Fwp%2Fv2%2Fcategories&post=1603"},{"taxonomy":"post_tag","embeddable":true,"href":"http:\/\/www.syenlap.dk\/index.php?rest_route=%2Fwp%2Fv2%2Ftags&post=1603"}],"curies":[{"name":"wp","href":"https:\/\/api.w.org\/{rel}","templated":true}]}}