{"id":1659,"date":"2009-01-02T16:52:26","date_gmt":"2009-01-02T14:52:26","guid":{"rendered":"http:\/\/www.syenlap.dk\/?p=1659"},"modified":"2009-01-02T16:52:26","modified_gmt":"2009-01-02T14:52:26","slug":"jeg-kom-lige-til","status":"publish","type":"post","link":"http:\/\/www.syenlap.dk\/?p=1659","title":{"rendered":"Jeg kom lige til&#8230;"},"content":{"rendered":"<p>Jeg ved det godt: jeg er lige startet p\u00e5 min FLS, og det g\u00e5r rigtig godt, men alligevel faldt jeg i den f\u00e6lde, jeg havde lagt for mig selv ved at vise Lenes dejlige g\u00e5rdbutik &#8220;Katrinelund&#8221; frem til kusinerne, inden de k\u00f8rte hjem.<\/p>\n<p><a href=\"http:\/\/www.syenlap.dk\/?p=1394\" target=\"_blank\">Vesten i vendestrik<\/a> har jo sp\u00f8gt i mit hoved, siden jeg var derude for ca 1 m\u00e5ned siden. Og det er vist ikke kun mig, der er begejstret, for Lene fort\u00e6ller mig, at efter, den var her p\u00e5 bloggen, har hun haft s\u00e5 travlt med at ekspedere kits til hele landet, at hun mener, det bliver en landeplage!<\/p>\n<p><a href=\"http:\/\/www.syenlap.dk\/wp-content\/uploads\/2009\/01\/opslag.jpg\" rel=\"lightbox[1659]\"><img loading=\"lazy\" decoding=\"async\" class=\"alignnone size-full wp-image-1660\" title=\"opslag\" src=\"http:\/\/www.syenlap.dk\/wp-content\/uploads\/2009\/01\/opslag.jpg\" alt=\"\" width=\"450\" height=\"526\" \/><\/a><\/p>\n<p>Det blev ikke vesten, men <a href=\"http:\/\/www.lenep-katrinelund.dk\/home.php?site=shop&amp;action=productlist&amp;cat=99&amp;type=27\" target=\"_blank\">cardigan&#8217;en<\/a> med 3\/4 \u00e6rmer, jeg bestemte mig for, efter at have pr\u00f8vet de f\u00e6rdigstrikkede eksempler p\u00e5 begge dele. Cardigan&#8217;en er perfekt til mig og\u00a0 sidder rigtig flot.<\/p>\n<p><a href=\"http:\/\/www.syenlap.dk\/wp-content\/uploads\/2009\/01\/jakke-opskrift.jpg\" rel=\"lightbox[1659]\"><img loading=\"lazy\" decoding=\"async\" class=\"alignright size-medium wp-image-1661\" title=\"jakke-opskrift\" src=\"http:\/\/www.syenlap.dk\/wp-content\/uploads\/2009\/01\/jakke-opskrift-277x300.jpg\" alt=\"\" width=\"277\" height=\"300\" \/><\/a><\/p>\n<p>Jeg ville ikke have den sorte\/gr\u00e5 model, og ikke alt for broget, men\u00a0Lene har strikkepr\u00f8ver i mange forskellige Kauni effektgarner, s\u00e5 i f\u00e6llesskab fandt vi frem til en dejlig bl\u00e5 bundfarve med forskellige nuancer petrol som effekt.<\/p>\n<p>Kusinerne bifaldt! Og de var i\u00f8vrigt ogs\u00e5 &#8211; selv om de ikke strikker &#8211; begejstrede for den dejlige butik.<\/p>\n<p>S\u00e5 der ER sl\u00e5et op!<\/p>\n","protected":false},"excerpt":{"rendered":"<p>Jeg ved det godt: jeg er lige startet p\u00e5 min FLS, og det g\u00e5r rigtig godt, men alligevel faldt jeg i den f\u00e6lde, jeg havde lagt for mig selv ved at vise Lenes dejlige g\u00e5rdbutik &#8220;Katrinelund&#8221; frem til kusinerne, inden &hellip; <a href=\"http:\/\/www.syenlap.dk\/?p=1659\">L\u00e6s resten <span class=\"meta-nav\">&rarr;<\/span><\/a><\/p>\n","protected":false},"author":2,"featured_media":0,"comment_status":"open","ping_status":"open","sticky":false,"template":"","format":"standard","meta":{"footnotes":""},"categories":[16],"tags":[28,62],"class_list":["post-1659","post","type-post","status-publish","format-standard","hentry","category-strik","tag-er","tag-vendestrik"],"_links":{"self":[{"href":"http:\/\/www.syenlap.dk\/index.php?rest_route=\/wp\/v2\/posts\/1659","targetHints":{"allow":["GET"]}}],"collection":[{"href":"http:\/\/www.syenlap.dk\/index.php?rest_route=\/wp\/v2\/posts"}],"about":[{"href":"http:\/\/www.syenlap.dk\/index.php?rest_route=\/wp\/v2\/types\/post"}],"author":[{"embeddable":true,"href":"http:\/\/www.syenlap.dk\/index.php?rest_route=\/wp\/v2\/users\/2"}],"replies":[{"embeddable":true,"href":"http:\/\/www.syenlap.dk\/index.php?rest_route=%2Fwp%2Fv2%2Fcomments&post=1659"}],"version-history":[{"count":0,"href":"http:\/\/www.syenlap.dk\/index.php?rest_route=\/wp\/v2\/posts\/1659\/revisions"}],"wp:attachment":[{"href":"http:\/\/www.syenlap.dk\/index.php?rest_route=%2Fwp%2Fv2%2Fmedia&parent=1659"}],"wp:term":[{"taxonomy":"category","embeddable":true,"href":"http:\/\/www.syenlap.dk\/index.php?rest_route=%2Fwp%2Fv2%2Fcategories&post=1659"},{"taxonomy":"post_tag","embeddable":true,"href":"http:\/\/www.syenlap.dk\/index.php?rest_route=%2Fwp%2Fv2%2Ftags&post=1659"}],"curies":[{"name":"wp","href":"https:\/\/api.w.org\/{rel}","templated":true}]}}