{"id":1741,"date":"2009-01-09T16:03:05","date_gmt":"2009-01-09T14:03:05","guid":{"rendered":"http:\/\/www.syenlap.dk\/?p=1741"},"modified":"2009-01-09T16:03:05","modified_gmt":"2009-01-09T14:03:05","slug":"skal-skal-ikke-sy-eller-strikke","status":"publish","type":"post","link":"http:\/\/www.syenlap.dk\/?p=1741","title":{"rendered":"Skal, skal ikke &#8211; sy eller strikke?"},"content":{"rendered":"<p>Jeg er i et frygteligt dilemma, for jeg vil mere, end jeg kan &#8211; om ikke 17 ting p\u00e5 \u00e9n gang, s\u00e5 3!<\/p>\n<p><a href=\"http:\/\/www.syenlap.dk\/wp-content\/uploads\/2009\/01\/cardigan.jpg\" rel=\"lightbox[1741]\"><img loading=\"lazy\" decoding=\"async\" class=\"alignnone size-full wp-image-1742\" title=\"cardigan\" src=\"http:\/\/www.syenlap.dk\/wp-content\/uploads\/2009\/01\/cardigan.jpg\" alt=\"\" width=\"450\" height=\"380\" \/><\/a><\/p>\n<p>Cardigan&#8217;en i vendestrik er s\u00e5 dejlig at strikke, jeg er nu n\u00e6sten f\u00e6rdig med det f\u00f8rste \u00e6rme, forstykket venter p\u00e5 en maskeholder p\u00e5 at forts\u00e6tte p\u00e5 ryggen, og jeg er godt tilfreds med farverne.<\/p>\n<p><a href=\"http:\/\/www.syenlap.dk\/wp-content\/uploads\/2009\/01\/sekskanter1.jpg\" rel=\"lightbox[1741]\"><img loading=\"lazy\" decoding=\"async\" class=\"alignleft size-medium wp-image-1744\" title=\"sekskanter1\" src=\"http:\/\/www.syenlap.dk\/wp-content\/uploads\/2009\/01\/sekskanter1-300x293.jpg\" alt=\"\" width=\"300\" height=\"293\" \/><\/a><a href=\"http:\/\/www.syenlap.dk\/wp-content\/uploads\/2009\/01\/sekskanter.jpg\" rel=\"lightbox[1741]\"><\/a><\/p>\n<p>Men jeg har ogs\u00e5 et dejligt syt\u00f8j i\u00a0l\u00e6kre Liberty-stoffer, der skal v\u00e6re f\u00e6rdig. Her er en smagspr\u00f8ve p\u00e5 babyt\u00e6ppet, der f\u00e5r hvid baggrund til de fine pastelle farver.<\/p>\n<p>Og for at det s\u00e5 ikke skal v\u00e6re l\u00f8gn, s\u00e5 har jeg ogs\u00e5 en ny symaskine, der skal l\u00e6res at kende, og kors, hvor den tr\u00e6kker! Men jeg m\u00e5 v\u00e6re standhaftig!<\/p>\n","protected":false},"excerpt":{"rendered":"<p>Jeg er i et frygteligt dilemma, for jeg vil mere, end jeg kan &#8211; om ikke 17 ting p\u00e5 \u00e9n gang, s\u00e5 3! Cardigan&#8217;en i vendestrik er s\u00e5 dejlig at strikke, jeg er nu n\u00e6sten f\u00e6rdig med det f\u00f8rste \u00e6rme, &hellip; <a href=\"http:\/\/www.syenlap.dk\/?p=1741\">L\u00e6s resten <span class=\"meta-nav\">&rarr;<\/span><\/a><\/p>\n","protected":false},"author":2,"featured_media":0,"comment_status":"open","ping_status":"open","sticky":false,"template":"","format":"standard","meta":{"footnotes":""},"categories":[15,16],"tags":[62],"class_list":["post-1741","post","type-post","status-publish","format-standard","hentry","category-patchwork","category-strik","tag-vendestrik"],"_links":{"self":[{"href":"http:\/\/www.syenlap.dk\/index.php?rest_route=\/wp\/v2\/posts\/1741","targetHints":{"allow":["GET"]}}],"collection":[{"href":"http:\/\/www.syenlap.dk\/index.php?rest_route=\/wp\/v2\/posts"}],"about":[{"href":"http:\/\/www.syenlap.dk\/index.php?rest_route=\/wp\/v2\/types\/post"}],"author":[{"embeddable":true,"href":"http:\/\/www.syenlap.dk\/index.php?rest_route=\/wp\/v2\/users\/2"}],"replies":[{"embeddable":true,"href":"http:\/\/www.syenlap.dk\/index.php?rest_route=%2Fwp%2Fv2%2Fcomments&post=1741"}],"version-history":[{"count":0,"href":"http:\/\/www.syenlap.dk\/index.php?rest_route=\/wp\/v2\/posts\/1741\/revisions"}],"wp:attachment":[{"href":"http:\/\/www.syenlap.dk\/index.php?rest_route=%2Fwp%2Fv2%2Fmedia&parent=1741"}],"wp:term":[{"taxonomy":"category","embeddable":true,"href":"http:\/\/www.syenlap.dk\/index.php?rest_route=%2Fwp%2Fv2%2Fcategories&post=1741"},{"taxonomy":"post_tag","embeddable":true,"href":"http:\/\/www.syenlap.dk\/index.php?rest_route=%2Fwp%2Fv2%2Ftags&post=1741"}],"curies":[{"name":"wp","href":"https:\/\/api.w.org\/{rel}","templated":true}]}}