{"id":17583,"date":"2012-10-29T23:01:27","date_gmt":"2012-10-29T21:01:27","guid":{"rendered":"http:\/\/www.syenlap.dk\/?p=17583"},"modified":"2012-10-29T23:02:34","modified_gmt":"2012-10-29T21:02:34","slug":"victor-nu-9-maneder-gammel","status":"publish","type":"post","link":"http:\/\/www.syenlap.dk\/?p=17583","title":{"rendered":"Victor &#8211; nu 9 m\u00e5neder gammel"},"content":{"rendered":"<p><a href=\"http:\/\/www.syenlap.dk\/wp-content\/uploads\/2012\/10\/9mdr.jpg\" rel=\"lightbox[17583]\"><img loading=\"lazy\" decoding=\"async\" class=\"aligncenter size-full wp-image-17584\" title=\"9mdr\" src=\"http:\/\/www.syenlap.dk\/wp-content\/uploads\/2012\/10\/9mdr.jpg\" alt=\"\" width=\"600\" height=\"760\" srcset=\"http:\/\/www.syenlap.dk\/wp-content\/uploads\/2012\/10\/9mdr.jpg 600w, http:\/\/www.syenlap.dk\/wp-content\/uploads\/2012\/10\/9mdr-236x300.jpg 236w\" sizes=\"auto, (max-width: 600px) 100vw, 600px\" \/><\/a><\/p>\n<p>Det er en dejlig id\u00e9, Victors for\u00e6ldre har &#8211; at fotografere ham p\u00e5 hans puttet\u00e6ppe omkring den 19. hver m\u00e5ned. Han er bare s\u00e5 dejlig! Her er billedet fra hans 9 m\u00e5neders dag..<\/p>\n<p>\u00a0<a href=\"http:\/\/www.syenlap.dk\/wp-content\/uploads\/2012\/10\/200912-148MDR1.jpg\" rel=\"lightbox[17583]\"><img loading=\"lazy\" decoding=\"async\" class=\"aligncenter size-full wp-image-17587\" title=\"200912 148MDR\" src=\"http:\/\/www.syenlap.dk\/wp-content\/uploads\/2012\/10\/200912-148MDR1.jpg\" alt=\"\" width=\"600\" height=\"317\" srcset=\"http:\/\/www.syenlap.dk\/wp-content\/uploads\/2012\/10\/200912-148MDR1.jpg 600w, http:\/\/www.syenlap.dk\/wp-content\/uploads\/2012\/10\/200912-148MDR1-300x158.jpg 300w, http:\/\/www.syenlap.dk\/wp-content\/uploads\/2012\/10\/200912-148MDR1-500x264.jpg 500w\" sizes=\"auto, (max-width: 600px) 100vw, 600px\" \/><\/a><\/p>\n<p>..og her er &#8220;historikken&#8221; med billeder fra 1, 4 og 8 m\u00e5neders alderen.<\/p>\n","protected":false},"excerpt":{"rendered":"<p>Det er en dejlig id\u00e9, Victors for\u00e6ldre har &#8211; at fotografere ham p\u00e5 hans puttet\u00e6ppe omkring den 19. hver m\u00e5ned. Han er bare s\u00e5 dejlig! Her er billedet fra hans 9 m\u00e5neders dag.. \u00a0 ..og her er &#8220;historikken&#8221; med billeder &hellip; <a href=\"http:\/\/www.syenlap.dk\/?p=17583\">L\u00e6s resten <span class=\"meta-nav\">&rarr;<\/span><\/a><\/p>\n","protected":false},"author":2,"featured_media":0,"comment_status":"open","ping_status":"open","sticky":false,"template":"","format":"standard","meta":{"footnotes":""},"categories":[5],"tags":[],"class_list":["post-17583","post","type-post","status-publish","format-standard","hentry","category-familien"],"_links":{"self":[{"href":"http:\/\/www.syenlap.dk\/index.php?rest_route=\/wp\/v2\/posts\/17583","targetHints":{"allow":["GET"]}}],"collection":[{"href":"http:\/\/www.syenlap.dk\/index.php?rest_route=\/wp\/v2\/posts"}],"about":[{"href":"http:\/\/www.syenlap.dk\/index.php?rest_route=\/wp\/v2\/types\/post"}],"author":[{"embeddable":true,"href":"http:\/\/www.syenlap.dk\/index.php?rest_route=\/wp\/v2\/users\/2"}],"replies":[{"embeddable":true,"href":"http:\/\/www.syenlap.dk\/index.php?rest_route=%2Fwp%2Fv2%2Fcomments&post=17583"}],"version-history":[{"count":2,"href":"http:\/\/www.syenlap.dk\/index.php?rest_route=\/wp\/v2\/posts\/17583\/revisions"}],"predecessor-version":[{"id":17588,"href":"http:\/\/www.syenlap.dk\/index.php?rest_route=\/wp\/v2\/posts\/17583\/revisions\/17588"}],"wp:attachment":[{"href":"http:\/\/www.syenlap.dk\/index.php?rest_route=%2Fwp%2Fv2%2Fmedia&parent=17583"}],"wp:term":[{"taxonomy":"category","embeddable":true,"href":"http:\/\/www.syenlap.dk\/index.php?rest_route=%2Fwp%2Fv2%2Fcategories&post=17583"},{"taxonomy":"post_tag","embeddable":true,"href":"http:\/\/www.syenlap.dk\/index.php?rest_route=%2Fwp%2Fv2%2Ftags&post=17583"}],"curies":[{"name":"wp","href":"https:\/\/api.w.org\/{rel}","templated":true}]}}