{"id":1774,"date":"2009-01-13T20:54:55","date_gmt":"2009-01-13T18:54:55","guid":{"rendered":"http:\/\/www.syenlap.dk\/?p=1774"},"modified":"2009-01-13T20:54:55","modified_gmt":"2009-01-13T18:54:55","slug":"sadan-en-ma-jeg-ogsa-strikke","status":"publish","type":"post","link":"http:\/\/www.syenlap.dk\/?p=1774","title":{"rendered":"S\u00e5dan en m\u00e5 jeg ogs\u00e5 strikke.."},"content":{"rendered":"<p>\u00a0<a href=\"http:\/\/www.syenlap.dk\/wp-content\/uploads\/2009\/01\/kaffe.jpg\" rel=\"lightbox[1774]\"><img loading=\"lazy\" decoding=\"async\" class=\"alignnone size-full wp-image-1777\" title=\"kaffe\" src=\"http:\/\/www.syenlap.dk\/wp-content\/uploads\/2009\/01\/kaffe.jpg\" alt=\"\" width=\"450\" height=\"285\" \/><\/a><\/p>\n<p>\u00a0\u00a0<\/p>\n<p>F\u00f8rste strikkecaf\u00e9 p\u00e5 S\u00f8nderg\u00e5rden i 2009. Der er flere, der har strikket i juleferien, og selvf\u00f8lgelig skal vi se de f\u00e6rdige resultater.<\/p>\n<p><a href=\"http:\/\/www.syenlap.dk\/wp-content\/uploads\/2009\/01\/bluse.jpg\" rel=\"lightbox[1774]\"><img loading=\"lazy\" decoding=\"async\" class=\"alignleft size-medium wp-image-1775\" title=\"bluse\" src=\"http:\/\/www.syenlap.dk\/wp-content\/uploads\/2009\/01\/bluse-300x260.jpg\" alt=\"\" width=\"300\" height=\"260\" \/><\/a><\/p>\n<p>Linda er blevet f\u00e6rdig med tr\u00f8jen til barnebarnet<\/p>\n<p>\u00a0<\/p>\n<p>\u00a0<\/p>\n<p>\u00a0<\/p>\n<p>\u00a0<\/p>\n<p>\u00a0<\/p>\n<p><a href=\"http:\/\/www.syenlap.dk\/wp-content\/uploads\/2009\/01\/myrna.jpg\" rel=\"lightbox[1774]\"><img loading=\"lazy\" decoding=\"async\" class=\"alignright size-medium wp-image-1778\" title=\"myrna\" src=\"http:\/\/www.syenlap.dk\/wp-content\/uploads\/2009\/01\/myrna-287x300.jpg\" alt=\"\" width=\"287\" height=\"300\" \/><\/a><\/p>\n<p>\u00a0<\/p>\n<p>Myrna og Inga har strikket samme model, nemlig <a href=\"http:\/\/www.garnstudio.com\/lang\/dk\/visoppskrift.php?d_nr=107&amp;d_id=3&amp;lang=dk\" target=\"_blank\">den retstrikkede jakke fra Garnstudio<\/a><\/p>\n<p>\u00a0<\/p>\n<p>\u00a0<\/p>\n<p>\u00a0<\/p>\n<p>\u00a0<\/p>\n<p><a href=\"http:\/\/www.syenlap.dk\/wp-content\/uploads\/2009\/01\/inga.jpg\" rel=\"lightbox[1774]\"><img loading=\"lazy\" decoding=\"async\" class=\"alignleft size-medium wp-image-1779\" title=\"inga\" src=\"http:\/\/www.syenlap.dk\/wp-content\/uploads\/2009\/01\/inga-248x300.jpg\" alt=\"\" width=\"248\" height=\"300\" \/><\/a><\/p>\n<p>Strikket i selvm\u00f8nstrende str\u00f8mpegarn<\/p>\n<p>\u00a0<\/p>\n<p>\u00a0<\/p>\n<p>\u00a0<\/p>\n<p>\u00a0<\/p>\n<p>\u00a0<\/p>\n<p>\u00a0<\/p>\n<p><a href=\"http:\/\/www.syenlap.dk\/wp-content\/uploads\/2009\/01\/birthe1.jpg\" rel=\"lightbox[1774]\"><img loading=\"lazy\" decoding=\"async\" class=\"alignright size-medium wp-image-1786\" title=\"birthe1\" src=\"http:\/\/www.syenlap.dk\/wp-content\/uploads\/2009\/01\/birthe1-300x262.jpg\" alt=\"\" width=\"300\" height=\"262\" \/><\/a><a href=\"http:\/\/www.syenlap.dk\/wp-content\/uploads\/2009\/01\/birthe.jpg\" rel=\"lightbox[1774]\"><\/a><\/p>\n<p>\u00a0<\/p>\n<p>Birthe har godt gang i Hanne Falkenbergs &#8220;Ballerina&#8221;, som hun strikker for Linda &#8211; det er s\u00e5 sp\u00e6ndende, at hun n\u00e6sten ikke har tid til kaffen!<\/p>\n<p>\u00a0<\/p>\n<p>\u00a0<\/p>\n<p><a href=\"http:\/\/www.syenlap.dk\/wp-content\/uploads\/2009\/01\/stella1.jpg\" rel=\"lightbox[1774]\"><img loading=\"lazy\" decoding=\"async\" class=\"alignleft size-medium wp-image-1781\" title=\"stella1\" src=\"http:\/\/www.syenlap.dk\/wp-content\/uploads\/2009\/01\/stella1-286x300.jpg\" alt=\"\" width=\"286\" height=\"300\" \/><\/a><\/p>\n<p>\u00a0<\/p>\n<p>Stella er f\u00e6rdig med den <a href=\"http:\/\/www.lenep-katrinelund.dk\/home.php?site=shop&amp;action=product&amp;product=418&amp;type=27&amp;cat=95\" target=\"_blank\">l\u00e6kre ret-og-vrang-vest <\/a>fra Katrinelund, som hun har strikket i 2 tr\u00e5de Drops Alpakka<\/p>\n<p>\u00a0<\/p>\n<p>\u00a0<\/p>\n<p>\u00a0<\/p>\n<p>\u00a0<\/p>\n<p><a href=\"http:\/\/www.syenlap.dk\/wp-content\/uploads\/2009\/01\/stella2.jpg\" rel=\"lightbox[1774]\"><img loading=\"lazy\" decoding=\"async\" class=\"alignright size-medium wp-image-1782\" title=\"stella2\" src=\"http:\/\/www.syenlap.dk\/wp-content\/uploads\/2009\/01\/stella2-206x300.jpg\" alt=\"\" width=\"206\" height=\"300\" \/><\/a><\/p>\n<p>\u00a0<\/p>\n<p>Den er s\u00e5 dejlig, og der er n\u00e6sten ingen montering.<\/p>\n<p>\u00a0<\/p>\n<p>\u00a0<\/p>\n<p>\u00a0<\/p>\n<p>\u00a0<\/p>\n<p>\u00a0<\/p>\n<p><a href=\"http:\/\/www.syenlap.dk\/wp-content\/uploads\/2009\/01\/khaisja.jpg\" rel=\"lightbox[1774]\"><img loading=\"lazy\" decoding=\"async\" class=\"alignleft size-medium wp-image-1783\" title=\"khaisja\" src=\"http:\/\/www.syenlap.dk\/wp-content\/uploads\/2009\/01\/khaisja-300x254.jpg\" alt=\"\" width=\"300\" height=\"254\" \/><\/a><\/p>\n<p>\u00a0Khaisja, som ellers er myreflittig med at sy &#8220;Mother Theresa-t\u00e6pper&#8221; sammen, bliver ogs\u00e5 interesseret og sp\u00f8rger, om vi vil hj\u00e6lpe hende med at strikke s\u00e5dan en vest. Det vil vi da, s\u00e5 Karen finder str\u00f8mpegarn og en rundpind nr 5 frem fra lageret til en vest i lilla og gr\u00f8nne farver.<\/p>\n<p><a href=\"http:\/\/www.syenlap.dk\/wp-content\/uploads\/2009\/01\/strik1.jpg\" rel=\"lightbox[1774]\"><img loading=\"lazy\" decoding=\"async\" class=\"alignright size-medium wp-image-1787\" title=\"strik1\" src=\"http:\/\/www.syenlap.dk\/wp-content\/uploads\/2009\/01\/strik1-271x300.jpg\" alt=\"\" width=\"271\" height=\"300\" \/><\/a><\/p>\n<p>Og de nye projekter er godt i gang, f.eks. er b\u00e5de Linda og Stella i gang med en <a href=\"http:\/\/www.lenep-katrinelund.dk\/home.php?site=egnemodellerlist&amp;id=3\" target=\"_blank\">sj\u00e6levarmer<\/a> fra Katrinelund.<\/p>\n<p>\u00a0<\/p>\n<p>\u00a0<\/p>\n<p>\u00a0<\/p>\n<p>\u00a0<\/p>\n<p>\u00a0<\/p>\n<p>\u00a0<\/p>\n<p><a href=\"http:\/\/www.syenlap.dk\/wp-content\/uploads\/2009\/01\/cardigan1.jpg\" rel=\"lightbox[1774]\"><img loading=\"lazy\" decoding=\"async\" class=\"alignleft size-medium wp-image-1792\" title=\"cardigan1\" src=\"http:\/\/www.syenlap.dk\/wp-content\/uploads\/2009\/01\/cardigan1-300x241.jpg\" alt=\"\" width=\"300\" height=\"241\" \/><\/a><\/p>\n<p>&#8211; og jeg\u00a0n\u00e5ede et stykke videre\u00a0p\u00e5 min <a href=\"http:\/\/www.syenlap.dk\/?p=1741\" target=\"_blank\">cardigan<\/a> i vendestrik.<\/p>\n","protected":false},"excerpt":{"rendered":"<p>\u00a0 \u00a0\u00a0 F\u00f8rste strikkecaf\u00e9 p\u00e5 S\u00f8nderg\u00e5rden i 2009. Der er flere, der har strikket i juleferien, og selvf\u00f8lgelig skal vi se de f\u00e6rdige resultater. Linda er blevet f\u00e6rdig med tr\u00f8jen til barnebarnet \u00a0 \u00a0 \u00a0 \u00a0 \u00a0 \u00a0 Myrna og &hellip; <a href=\"http:\/\/www.syenlap.dk\/?p=1774\">L\u00e6s resten <span class=\"meta-nav\">&rarr;<\/span><\/a><\/p>\n","protected":false},"author":2,"featured_media":0,"comment_status":"open","ping_status":"open","sticky":false,"template":"","format":"standard","meta":{"footnotes":""},"categories":[16],"tags":[],"class_list":["post-1774","post","type-post","status-publish","format-standard","hentry","category-strik"],"_links":{"self":[{"href":"http:\/\/www.syenlap.dk\/index.php?rest_route=\/wp\/v2\/posts\/1774","targetHints":{"allow":["GET"]}}],"collection":[{"href":"http:\/\/www.syenlap.dk\/index.php?rest_route=\/wp\/v2\/posts"}],"about":[{"href":"http:\/\/www.syenlap.dk\/index.php?rest_route=\/wp\/v2\/types\/post"}],"author":[{"embeddable":true,"href":"http:\/\/www.syenlap.dk\/index.php?rest_route=\/wp\/v2\/users\/2"}],"replies":[{"embeddable":true,"href":"http:\/\/www.syenlap.dk\/index.php?rest_route=%2Fwp%2Fv2%2Fcomments&post=1774"}],"version-history":[{"count":0,"href":"http:\/\/www.syenlap.dk\/index.php?rest_route=\/wp\/v2\/posts\/1774\/revisions"}],"wp:attachment":[{"href":"http:\/\/www.syenlap.dk\/index.php?rest_route=%2Fwp%2Fv2%2Fmedia&parent=1774"}],"wp:term":[{"taxonomy":"category","embeddable":true,"href":"http:\/\/www.syenlap.dk\/index.php?rest_route=%2Fwp%2Fv2%2Fcategories&post=1774"},{"taxonomy":"post_tag","embeddable":true,"href":"http:\/\/www.syenlap.dk\/index.php?rest_route=%2Fwp%2Fv2%2Ftags&post=1774"}],"curies":[{"name":"wp","href":"https:\/\/api.w.org\/{rel}","templated":true}]}}