{"id":1890,"date":"2009-01-24T01:58:35","date_gmt":"2009-01-23T23:58:35","guid":{"rendered":"http:\/\/www.syenlap.dk\/?p=1890"},"modified":"2009-01-24T01:58:35","modified_gmt":"2009-01-23T23:58:35","slug":"kaffestrik","status":"publish","type":"post","link":"http:\/\/www.syenlap.dk\/?p=1890","title":{"rendered":"Kaffestrik"},"content":{"rendered":"<p>Jeg skal til min f\u00f8rste Strikkecaf\u00e9 i Webstrikkerne l\u00f8rdag, eller &#8220;Kaffestrik&#8221;, som v\u00e6rtinde Lotte kalder det! Det er rigtig sp\u00e6ndende, sikkert ogs\u00e5 for v\u00e6rtinden, som ikke har arrangeret s\u00e5dant f\u00f8r.<\/p>\n<p>Jeg gl\u00e6der mig til at m\u00f8de nogle af de strikkere fra Webstrikkerne, som jeg l\u00e6ser mails fra, de fleste af dem har blogge, jeg bes\u00f8ger. Jeg er selv ret ny i det forum.<\/p>\n<p>Vi skal ogs\u00e5 p\u00e5 bes\u00f8g hos <a href=\"http:\/\/www.karen-noe.dk\/Default.asp?site=view&amp;view=1\" target=\"_blank\">Karen Noe<\/a>\u00a0i Uldum, det gl\u00e6der jeg mig ogs\u00e5 meget til, hun laver s\u00e5dan nogle fine ting, jeg har set jendes stand p\u00e5 messe i Viborg.<\/p>\n<p>Det er ikke s\u00e5 tit, jeg er hjemmefra en hel dag, men S\u00f8ren mener nok, han kan klare det, ellers har jeg jo en mobil tlf. med. Og Whisky g\u00f8er ikke s\u00e5 meget, n\u00e5r jeg ikke er hjemme, siger han! (Mon han mener, han skal passe p\u00e5 &#8220;Mor&#8221;?) Til geng\u00e6ld sidder han og kigger efter mig i vinduet!<\/p>\n<p>Whisky har nu heller ikke g\u00f8et ret meget, efter at han fik &#8220;apparatet&#8221; om halsen, s\u00e5 det ser ud, som om det virker.<\/p>\n<p>S\u00f8ren kan sove l\u00e6nge i morgen, n\u00e5r jeg er taget af sted og har luftet Whisky f\u00f8rst. Han har v\u00e6ret fint i byen til bridge i aften og var d\u00f8dtr\u00e6t, da han blev k\u00f8rt hjem for lidt siden, det er dejligt, at han har gode venner, der b\u00e5de inviterer ham og k\u00f8rer ham!<\/p>\n","protected":false},"excerpt":{"rendered":"<p>Jeg skal til min f\u00f8rste Strikkecaf\u00e9 i Webstrikkerne l\u00f8rdag, eller &#8220;Kaffestrik&#8221;, som v\u00e6rtinde Lotte kalder det! Det er rigtig sp\u00e6ndende, sikkert ogs\u00e5 for v\u00e6rtinden, som ikke har arrangeret s\u00e5dant f\u00f8r. Jeg gl\u00e6der mig til at m\u00f8de nogle af de strikkere &hellip; <a href=\"http:\/\/www.syenlap.dk\/?p=1890\">L\u00e6s resten <span class=\"meta-nav\">&rarr;<\/span><\/a><\/p>\n","protected":false},"author":2,"featured_media":0,"comment_status":"open","ping_status":"open","sticky":false,"template":"","format":"standard","meta":{"footnotes":""},"categories":[16],"tags":[],"class_list":["post-1890","post","type-post","status-publish","format-standard","hentry","category-strik"],"_links":{"self":[{"href":"http:\/\/www.syenlap.dk\/index.php?rest_route=\/wp\/v2\/posts\/1890","targetHints":{"allow":["GET"]}}],"collection":[{"href":"http:\/\/www.syenlap.dk\/index.php?rest_route=\/wp\/v2\/posts"}],"about":[{"href":"http:\/\/www.syenlap.dk\/index.php?rest_route=\/wp\/v2\/types\/post"}],"author":[{"embeddable":true,"href":"http:\/\/www.syenlap.dk\/index.php?rest_route=\/wp\/v2\/users\/2"}],"replies":[{"embeddable":true,"href":"http:\/\/www.syenlap.dk\/index.php?rest_route=%2Fwp%2Fv2%2Fcomments&post=1890"}],"version-history":[{"count":0,"href":"http:\/\/www.syenlap.dk\/index.php?rest_route=\/wp\/v2\/posts\/1890\/revisions"}],"wp:attachment":[{"href":"http:\/\/www.syenlap.dk\/index.php?rest_route=%2Fwp%2Fv2%2Fmedia&parent=1890"}],"wp:term":[{"taxonomy":"category","embeddable":true,"href":"http:\/\/www.syenlap.dk\/index.php?rest_route=%2Fwp%2Fv2%2Fcategories&post=1890"},{"taxonomy":"post_tag","embeddable":true,"href":"http:\/\/www.syenlap.dk\/index.php?rest_route=%2Fwp%2Fv2%2Ftags&post=1890"}],"curies":[{"name":"wp","href":"https:\/\/api.w.org\/{rel}","templated":true}]}}