{"id":1894,"date":"2009-01-24T21:10:40","date_gmt":"2009-01-24T19:10:40","guid":{"rendered":"http:\/\/www.syenlap.dk\/?p=1894"},"modified":"2009-01-24T21:10:40","modified_gmt":"2009-01-24T19:10:40","slug":"strik-og-hygge-i-%c3%b8ster-snede","status":"publish","type":"post","link":"http:\/\/www.syenlap.dk\/?p=1894","title":{"rendered":"Strik og hygge i \u00d8ster Snede"},"content":{"rendered":"<p>Min f\u00f8rste strik-inn \/ kaffestrik bliver forh\u00e5bentlig ikke den sidste, for hvor har det v\u00e6ret hyggeligt og givende! Lotte, som havde inviteret, havde gjort rigtig meget ud af det, s\u00e5 vi 12, der var m\u00f8dt op fra fjern (Aalborg og S\u00f8nderborg) og n\u00e6r (Vejle, Fredericia, Br\u00e6dstrup) kunne bare strikke, snakke og nyde!<\/p>\n<p><a href=\"http:\/\/www.syenlap.dk\/wp-content\/uploads\/2009\/01\/velkommen.jpg\" rel=\"lightbox[1894]\"><img loading=\"lazy\" decoding=\"async\" class=\"alignnone size-full wp-image-1895\" title=\"velkommen\" src=\"http:\/\/www.syenlap.dk\/wp-content\/uploads\/2009\/01\/velkommen.jpg\" alt=\"\" width=\"450\" height=\"338\" \/><\/a><\/p>\n<p>Lotte b\u00f8d velkommen i sin store hyggelige stue, hvor der var plads og kaffe til alle.<\/p>\n<p><a href=\"http:\/\/www.syenlap.dk\/wp-content\/uploads\/2009\/01\/strik2.jpg\" rel=\"lightbox[1894]\"><img loading=\"lazy\" decoding=\"async\" class=\"alignleft size-medium wp-image-1896\" title=\"strik2\" src=\"http:\/\/www.syenlap.dk\/wp-content\/uploads\/2009\/01\/strik2-300x225.jpg\" alt=\"\" width=\"300\" height=\"225\" \/><\/a><\/p>\n<p>\u00a0<\/p>\n<p>Og der blev strikket &#8211;<\/p>\n<p>\u00a0<\/p>\n<p>\u00a0<\/p>\n<p>\u00a0<\/p>\n<p>\u00a0<\/p>\n<p>\u00a0<\/p>\n<p><a href=\"http:\/\/www.syenlap.dk\/wp-content\/uploads\/2009\/01\/strik11.jpg\" rel=\"lightbox[1894]\"><img loading=\"lazy\" decoding=\"async\" class=\"alignright size-medium wp-image-1897\" title=\"strik11\" src=\"http:\/\/www.syenlap.dk\/wp-content\/uploads\/2009\/01\/strik11-300x235.jpg\" alt=\"\" width=\"300\" height=\"235\" \/><\/a><\/p>\n<p>\u00a0<\/p>\n<p>&#8211; snakket, udvekslet gode r\u00e5d og erfaringer<\/p>\n<p>\u00a0<\/p>\n<p>\u00a0<\/p>\n<p>Mange kendte hinanden, nogle kendte hinandens blogge! Jeg f\u00f8lte mig meget ny, men blev modtaget positivt!<\/p>\n<p>\u00a0<\/p>\n<p>Kl 12 havde Lotte dejlig forkost til os<\/p>\n<p><a href=\"http:\/\/www.syenlap.dk\/wp-content\/uploads\/2009\/01\/frokost21.jpg\" rel=\"lightbox[1894]\"><img loading=\"lazy\" decoding=\"async\" class=\"alignnone size-full wp-image-1913\" title=\"frokost21\" src=\"http:\/\/www.syenlap.dk\/wp-content\/uploads\/2009\/01\/frokost21.jpg\" alt=\"\" width=\"450\" height=\"516\" \/><\/a><\/p>\n<p><a href=\"http:\/\/www.syenlap.dk\/wp-content\/uploads\/2009\/01\/frokost2.jpg\" rel=\"lightbox[1894]\"><\/a><\/p>\n<p>\u00a0<\/p>\n<p><a href=\"http:\/\/www.syenlap.dk\/wp-content\/uploads\/2009\/01\/karen-noe.jpg\" rel=\"lightbox[1894]\"><img loading=\"lazy\" decoding=\"async\" class=\"alignleft size-medium wp-image-1900\" title=\"karen-noe\" src=\"http:\/\/www.syenlap.dk\/wp-content\/uploads\/2009\/01\/karen-noe-300x225.jpg\" alt=\"\" width=\"300\" height=\"225\" \/><\/a><\/p>\n<p>\u00a0<\/p>\n<p>&#8211; og kl 13 k\u00f8rte vi til Uldum og bes\u00f8gte <a href=\"http:\/\/www.karen-noe.dk\/Default.asp?site=view&amp;view=1\" target=\"_blank\">Karen Noe og hendes dejlige butik<\/a><\/p>\n<p>\u00a0<\/p>\n<p>\u00a0<\/p>\n<p>\u00a0<\/p>\n<p>\u00a0<\/p>\n<p>\u00a0<\/p>\n<p>&#8211; med alle de herlige fristelser! Det var sv\u00e6rt at komme derfra igen!<\/p>\n<p>\u00a0<\/p>\n<p>\u00a0<a href=\"http:\/\/www.syenlap.dk\/wp-content\/uploads\/2009\/01\/butik.jpg\" rel=\"lightbox[1894]\"><img loading=\"lazy\" decoding=\"async\" class=\"alignnone size-full wp-image-1901\" title=\"butik\" src=\"http:\/\/www.syenlap.dk\/wp-content\/uploads\/2009\/01\/butik.jpg\" alt=\"\" width=\"450\" height=\"325\" \/><\/a><\/p>\n<p>\u00a0<\/p>\n<p><a href=\"http:\/\/www.syenlap.dk\/wp-content\/uploads\/2009\/01\/eftermiddag1.jpg\" rel=\"lightbox[1894]\"><img loading=\"lazy\" decoding=\"async\" class=\"alignright size-medium wp-image-1903\" title=\"eftermiddag1\" src=\"http:\/\/www.syenlap.dk\/wp-content\/uploads\/2009\/01\/eftermiddag1-300x216.jpg\" alt=\"\" width=\"300\" height=\"216\" \/><\/a><a href=\"http:\/\/www.syenlap.dk\/wp-content\/uploads\/2009\/01\/eftermiddag.jpg\" rel=\"lightbox[1894]\"><\/a><\/p>\n<p>\u00a0Men Lotte havde ogs\u00e5 eftermiddagskaffe til os, s\u00e5 der blev igen strikket &#8211; og strikket &#8211; og snakket!<\/p>\n<p><a href=\"http:\/\/www.syenlap.dk\/wp-content\/uploads\/2009\/01\/eftermiddag1.jpg\" rel=\"lightbox[1894]\"><\/a><a href=\"http:\/\/www.syenlap.dk\/wp-content\/uploads\/2009\/01\/eftermiddag.jpg\" rel=\"lightbox[1894]\"><\/a><\/p>\n<p>\u00a0<\/p>\n<p>\u00a0<\/p>\n<p>Lotte viste ogs\u00e5 sjaler frem, men de m\u00e5 vente til i morgen!<\/p>\n<p>\u00a0<\/p>\n<p>\u00a0\u00a0<\/p>\n<p><a href=\"http:\/\/www.syenlap.dk\/wp-content\/uploads\/2009\/01\/gave.jpg\" rel=\"lightbox[1894]\"><img loading=\"lazy\" decoding=\"async\" class=\"alignleft size-medium wp-image-1904\" title=\"gave\" src=\"http:\/\/www.syenlap.dk\/wp-content\/uploads\/2009\/01\/gave-300x268.jpg\" alt=\"\" width=\"300\" height=\"268\" \/><\/a><\/p>\n<p>\u00a0<\/p>\n<p>\u00a0<\/p>\n<p>Pr\u00f8v at se en sk\u00f8n v\u00e6rtindegave, Tina havde lavet til Lotte!\u00a0<\/p>\n<p>\u00a0<\/p>\n<p>\u00a0<\/p>\n<p>\u00a0<\/p>\n<p>\u00a0<\/p>\n<p>\u00a0<\/p>\n<p><a href=\"http:\/\/www.syenlap.dk\/wp-content\/uploads\/2009\/01\/obama1.jpg\" rel=\"lightbox[1894]\"><img loading=\"lazy\" decoding=\"async\" class=\"alignright size-medium wp-image-1915\" title=\"obama1\" src=\"http:\/\/www.syenlap.dk\/wp-content\/uploads\/2009\/01\/obama1-300x281.jpg\" alt=\"\" width=\"300\" height=\"281\" \/><\/a><\/p>\n<p>\u00a0<\/p>\n<p>Og Lottes nye lille filtede taske, som hun har d\u00f8bt &#8220;Obama&#8221;, fordi hun strikkede den under Barrack Obamas inds\u00e6ttelse som pr\u00e6sident! Den fik vi opskrift p\u00e5.<\/p>\n<p>Tak for en utroligt dejlig og veltilrettelagt dag, Lotte<\/p>\n","protected":false},"excerpt":{"rendered":"<p>Min f\u00f8rste strik-inn \/ kaffestrik bliver forh\u00e5bentlig ikke den sidste, for hvor har det v\u00e6ret hyggeligt og givende! Lotte, som havde inviteret, havde gjort rigtig meget ud af det, s\u00e5 vi 12, der var m\u00f8dt op fra fjern (Aalborg og &hellip; <a href=\"http:\/\/www.syenlap.dk\/?p=1894\">L\u00e6s resten <span class=\"meta-nav\">&rarr;<\/span><\/a><\/p>\n","protected":false},"author":2,"featured_media":0,"comment_status":"open","ping_status":"open","sticky":false,"template":"","format":"standard","meta":{"footnotes":""},"categories":[12,16],"tags":[],"class_list":["post-1894","post","type-post","status-publish","format-standard","hentry","category-oplevelser","category-strik"],"_links":{"self":[{"href":"http:\/\/www.syenlap.dk\/index.php?rest_route=\/wp\/v2\/posts\/1894","targetHints":{"allow":["GET"]}}],"collection":[{"href":"http:\/\/www.syenlap.dk\/index.php?rest_route=\/wp\/v2\/posts"}],"about":[{"href":"http:\/\/www.syenlap.dk\/index.php?rest_route=\/wp\/v2\/types\/post"}],"author":[{"embeddable":true,"href":"http:\/\/www.syenlap.dk\/index.php?rest_route=\/wp\/v2\/users\/2"}],"replies":[{"embeddable":true,"href":"http:\/\/www.syenlap.dk\/index.php?rest_route=%2Fwp%2Fv2%2Fcomments&post=1894"}],"version-history":[{"count":0,"href":"http:\/\/www.syenlap.dk\/index.php?rest_route=\/wp\/v2\/posts\/1894\/revisions"}],"wp:attachment":[{"href":"http:\/\/www.syenlap.dk\/index.php?rest_route=%2Fwp%2Fv2%2Fmedia&parent=1894"}],"wp:term":[{"taxonomy":"category","embeddable":true,"href":"http:\/\/www.syenlap.dk\/index.php?rest_route=%2Fwp%2Fv2%2Fcategories&post=1894"},{"taxonomy":"post_tag","embeddable":true,"href":"http:\/\/www.syenlap.dk\/index.php?rest_route=%2Fwp%2Fv2%2Ftags&post=1894"}],"curies":[{"name":"wp","href":"https:\/\/api.w.org\/{rel}","templated":true}]}}