{"id":1919,"date":"2009-01-25T18:41:19","date_gmt":"2009-01-25T16:41:19","guid":{"rendered":"http:\/\/www.syenlap.dk\/?p=1919"},"modified":"2009-01-25T18:41:19","modified_gmt":"2009-01-25T16:41:19","slug":"lottes-sjaler","status":"publish","type":"post","link":"http:\/\/www.syenlap.dk\/?p=1919","title":{"rendered":"Lottes sjaler"},"content":{"rendered":"<p>Lotte viste beredvilligt et udvalg af sine sjaler frem, da vi var til <a href=\"http:\/\/www.syenlap.dk\/?p=1894\" target=\"_blank\">kaffestrik<\/a> i \u00d8ster Snede i g\u00e5r.<\/p>\n<p><a href=\"http:\/\/www.syenlap.dk\/wp-content\/uploads\/2009\/01\/super-karla.jpg\" rel=\"lightbox[1919]\"><img loading=\"lazy\" decoding=\"async\" class=\"alignnone size-full wp-image-1921\" title=\"super-karla\" src=\"http:\/\/www.syenlap.dk\/wp-content\/uploads\/2009\/01\/super-karla.jpg\" alt=\"\" width=\"450\" height=\"291\" \/><\/a><\/p>\n<p><a href=\"http:\/\/www.karen-noe.dk\/Default.asp?site=view&amp;view=272\" target=\"_blank\">Super Karlas Poncho<\/a>, som var det ene af 2 Webstrik KAL&#8217;s 2008.<\/p>\n<p><a href=\"http:\/\/www.syenlap.dk\/wp-content\/uploads\/2009\/01\/sjal-flette-kant.jpg\" rel=\"lightbox[1919]\"><img loading=\"lazy\" decoding=\"async\" class=\"alignnone size-full wp-image-1922\" title=\"sjal-flette-kant\" src=\"http:\/\/www.syenlap.dk\/wp-content\/uploads\/2009\/01\/sjal-flette-kant.jpg\" alt=\"\" width=\"450\" height=\"285\" \/><\/a><\/p>\n<p>3 forskellige udgaver af <a href=\"http:\/\/www.karen-noe.dk\/Default.asp?site=view&amp;view=234\" target=\"_blank\">&#8220;Sjal med flettet kant&#8221;<\/a><\/p>\n<p>\u00a0<\/p>\n<p><a href=\"http:\/\/www.syenlap.dk\/wp-content\/uploads\/2009\/01\/sjal-fl-kant-grc3b8n.jpg\" rel=\"lightbox[1919]\"><img loading=\"lazy\" decoding=\"async\" class=\"alignleft size-medium wp-image-1923\" title=\"sjal-fl-kant-grc3b8n\" src=\"http:\/\/www.syenlap.dk\/wp-content\/uploads\/2009\/01\/sjal-fl-kant-grc3b8n-300x292.jpg\" alt=\"\" width=\"300\" height=\"292\" \/><\/a><\/p>\n<p>\u00a0<\/p>\n<p>Det ene smukkere end det andet &#8211;<\/p>\n<p>\u00a0<\/p>\n<p>\u00a0<\/p>\n<p>\u00a0<\/p>\n<p>\u00a0<\/p>\n<p>\u00a0<\/p>\n<p>\u00a0<\/p>\n<p><a href=\"http:\/\/www.syenlap.dk\/wp-content\/uploads\/2009\/01\/sjal-flette-kant-hvid.jpg\" rel=\"lightbox[1919]\"><img loading=\"lazy\" decoding=\"async\" class=\"alignright size-medium wp-image-1924\" title=\"sjal-flette-kant-hvid\" src=\"http:\/\/www.syenlap.dk\/wp-content\/uploads\/2009\/01\/sjal-flette-kant-hvid-300x287.jpg\" alt=\"\" width=\"300\" height=\"287\" \/><\/a><\/p>\n<p>\u00a0<\/p>\n<p>&#8211; eller det tredie!<\/p>\n<p>\u00a0<\/p>\n<p>\u00a0<\/p>\n<p>\u00a0<\/p>\n<p>\u00a0<\/p>\n<p>\u00a0<\/p>\n<p>\u00a0<\/p>\n<p><a href=\"http:\/\/www.syenlap.dk\/wp-content\/uploads\/2009\/01\/blomstersjal.jpg\" rel=\"lightbox[1919]\"><img loading=\"lazy\" decoding=\"async\" class=\"alignnone size-full wp-image-1925\" title=\"blomstersjal\" src=\"http:\/\/www.syenlap.dk\/wp-content\/uploads\/2009\/01\/blomstersjal.jpg\" alt=\"\" width=\"450\" height=\"410\" \/><\/a><\/p>\n<p>Men toppen var dette &#8220;Blomstersjal&#8221; !! Helt ubegribeligt smukt.<\/p>\n<p><a href=\"http:\/\/www.syenlap.dk\/wp-content\/uploads\/2009\/01\/blomstersjal2.jpg\" rel=\"lightbox[1919]\"><img loading=\"lazy\" decoding=\"async\" class=\"alignright size-medium wp-image-1926\" title=\"blomstersjal2\" src=\"http:\/\/www.syenlap.dk\/wp-content\/uploads\/2009\/01\/blomstersjal2-166x300.jpg\" alt=\"\" width=\"166\" height=\"300\" \/><\/a><\/p>\n<p>Der var mere end \u00e9n, der m\u00e5tte hylle sig i det, og som havde sv\u00e6rt at f\u00e5 det af igen!<\/p>\n<p>Gid man turde gi&#8217; sig i kast med det!<\/p>\n","protected":false},"excerpt":{"rendered":"<p>Lotte viste beredvilligt et udvalg af sine sjaler frem, da vi var til kaffestrik i \u00d8ster Snede i g\u00e5r. Super Karlas Poncho, som var det ene af 2 Webstrik KAL&#8217;s 2008. 3 forskellige udgaver af &#8220;Sjal med flettet kant&#8221; \u00a0 &hellip; <a href=\"http:\/\/www.syenlap.dk\/?p=1919\">L\u00e6s resten <span class=\"meta-nav\">&rarr;<\/span><\/a><\/p>\n","protected":false},"author":2,"featured_media":0,"comment_status":"open","ping_status":"open","sticky":false,"template":"","format":"standard","meta":{"footnotes":""},"categories":[12,16],"tags":[],"class_list":["post-1919","post","type-post","status-publish","format-standard","hentry","category-oplevelser","category-strik"],"_links":{"self":[{"href":"http:\/\/www.syenlap.dk\/index.php?rest_route=\/wp\/v2\/posts\/1919","targetHints":{"allow":["GET"]}}],"collection":[{"href":"http:\/\/www.syenlap.dk\/index.php?rest_route=\/wp\/v2\/posts"}],"about":[{"href":"http:\/\/www.syenlap.dk\/index.php?rest_route=\/wp\/v2\/types\/post"}],"author":[{"embeddable":true,"href":"http:\/\/www.syenlap.dk\/index.php?rest_route=\/wp\/v2\/users\/2"}],"replies":[{"embeddable":true,"href":"http:\/\/www.syenlap.dk\/index.php?rest_route=%2Fwp%2Fv2%2Fcomments&post=1919"}],"version-history":[{"count":0,"href":"http:\/\/www.syenlap.dk\/index.php?rest_route=\/wp\/v2\/posts\/1919\/revisions"}],"wp:attachment":[{"href":"http:\/\/www.syenlap.dk\/index.php?rest_route=%2Fwp%2Fv2%2Fmedia&parent=1919"}],"wp:term":[{"taxonomy":"category","embeddable":true,"href":"http:\/\/www.syenlap.dk\/index.php?rest_route=%2Fwp%2Fv2%2Fcategories&post=1919"},{"taxonomy":"post_tag","embeddable":true,"href":"http:\/\/www.syenlap.dk\/index.php?rest_route=%2Fwp%2Fv2%2Ftags&post=1919"}],"curies":[{"name":"wp","href":"https:\/\/api.w.org\/{rel}","templated":true}]}}