{"id":1930,"date":"2009-01-26T17:31:39","date_gmt":"2009-01-26T15:31:39","guid":{"rendered":"http:\/\/www.syenlap.dk\/?p=1930"},"modified":"2009-01-26T17:31:39","modified_gmt":"2009-01-26T15:31:39","slug":"et-pragtfuld-ars-projekt-afleveres","status":"publish","type":"post","link":"http:\/\/www.syenlap.dk\/?p=1930","title":{"rendered":"Et pragtfuld \u00e5rs-projekt afleveres"},"content":{"rendered":"<p>\u00a0<\/p>\n<p><a href=\"http:\/\/www.syenlap.dk\/wp-content\/uploads\/2009\/01\/se1008-lene-m-fl-2.jpg\" rel=\"lightbox[1930]\"><img loading=\"lazy\" decoding=\"async\" class=\"alignnone size-full wp-image-1931\" title=\"se1008-lene-m-fl-2\" src=\"http:\/\/www.syenlap.dk\/wp-content\/uploads\/2009\/01\/se1008-lene-m-fl-2.jpg\" alt=\"\" width=\"450\" height=\"625\" \/><\/a><\/p>\n<p>For lige et \u00e5r siden fik jeg en fuldst\u00e6ndig sk\u00f8r id\u00e9! Men heldigvis fik jeg fuld opbakning, da jeg luftede den i den lille gruppe, der styrer &#8220;Projekt Puttet\u00e6pper&#8221;, som syr mindre t\u00e6pper til b\u00f8rn p\u00e5 julem\u00e6rkehjem.<\/p>\n<p>Den nye id\u00e9 kom efter, at jeg havde sagt &#8220;nej desv\u00e6rre&#8221; til en b\u00f8n om at m\u00e5tte bruge nogle af puttet\u00e6pperne som senget\u00e6pper til de nye senge p\u00e5 Fjordmark, julem\u00e6rkehjemmet i Kollund.<\/p>\n<p>Jeg stod og str\u00f8g stof, og det rumsterede jo i hovedet &#8211; hvorfor kunne vi ikke lige lave de 30 senget\u00e6pper, forstanderen \u00f8nskede s\u00e5 br\u00e6ndende til de nyrenoverede v\u00e6relser?<\/p>\n<p>Som sagt var der opbakning fra Grethe og Susse: &#8220;Vi kan jo sy dem selv, om ikke andet!&#8221; \u00d8h ja, 30 senget\u00e6pper minimum 120 x 200 cm?<\/p>\n<p><a href=\"http:\/\/www.syenlap.dk\/wp-content\/uploads\/2009\/01\/se1208-karin-detail-2.jpg\" rel=\"lightbox[1930]\"><img loading=\"lazy\" decoding=\"async\" class=\"alignleft size-medium wp-image-1932\" title=\"se1208-karin-detail-2\" src=\"http:\/\/www.syenlap.dk\/wp-content\/uploads\/2009\/01\/se1208-karin-detail-2-300x271.jpg\" alt=\"\" width=\"300\" height=\"271\" \/><\/a><\/p>\n<p>Men det viste sig hurtigt, at der var opbakning langt udenfor vores lille kreds.<\/p>\n<p>Og ikke &#8220;kun&#8221; puttet\u00e6ppetanterne, men andre i Dansk Patchwork Forening meldte sig til at sy, s\u00e5 allerede da der var g\u00e5et 2 m\u00e5neder, var vi oppe p\u00e5 30 tilmeldte t\u00e6pper!<\/p>\n<p>\u00a0<\/p>\n<p>\u00a0<\/p>\n<p><a href=\"http:\/\/www.syenlap.dk\/wp-content\/uploads\/2009\/01\/se0908annalise-21.jpg\" rel=\"lightbox[1930]\"><img loading=\"lazy\" decoding=\"async\" class=\"alignnone size-full wp-image-1934\" title=\"se0908annalise-21\" src=\"http:\/\/www.syenlap.dk\/wp-content\/uploads\/2009\/01\/se0908annalise-21.jpg\" alt=\"\" width=\"450\" height=\"753\" \/><\/a><\/p>\n<p>S\u00e5 det blev til over 60 senget\u00e6pper! Det skulle de jo ikke bruge p\u00e5 Fjordmark, s\u00e5 de &#8220;overskydende&#8221; bliver i morgen afleveret p\u00e5 Julem\u00e6rkehjemmet Hobro!<\/p>\n<p>Smukke individuelle t\u00e6pper, syet af enkeltpersoner eller af grupper i f\u00e6llesskab (som det \u00f8verste), eller en &#8220;top&#8221; som denne, som er syet af \u00e9n og quiltet af en anden:<\/p>\n<p><a href=\"http:\/\/www.syenlap.dk\/wp-content\/uploads\/2009\/01\/se0908-ann-inge-2.jpg\" rel=\"lightbox[1930]\"><img loading=\"lazy\" decoding=\"async\" class=\"alignnone size-full wp-image-1935\" title=\"se0908-ann-inge-2\" src=\"http:\/\/www.syenlap.dk\/wp-content\/uploads\/2009\/01\/se0908-ann-inge-2.jpg\" alt=\"\" width=\"450\" height=\"662\" \/><\/a><\/p>\n<p>Der er \u00e9n, der har syet 4 store t\u00e6pper alene &#8211;<\/p>\n<p><a href=\"http:\/\/www.syenlap.dk\/wp-content\/uploads\/2009\/01\/0308eva2-fjordmark-2.jpg\" rel=\"lightbox[1930]\"><img loading=\"lazy\" decoding=\"async\" class=\"alignnone size-full wp-image-1940\" title=\"0308eva2-fjordmark-2\" src=\"http:\/\/www.syenlap.dk\/wp-content\/uploads\/2009\/01\/0308eva2-fjordmark-2.jpg\" alt=\"\" width=\"450\" height=\"308\" \/><\/a><\/p>\n<p>\u00a0<\/p>\n<p>&#8211; og der er \u00e9n gruppe, der har syet 4 t\u00e6pper sammen.<\/p>\n<p><a href=\"http:\/\/www.syenlap.dk\/wp-content\/uploads\/2009\/01\/se080109-skaw3-21.jpg\" rel=\"lightbox[1930]\"><img loading=\"lazy\" decoding=\"async\" class=\"alignnone size-full wp-image-1937\" title=\"se080109-skaw3-21\" src=\"http:\/\/www.syenlap.dk\/wp-content\/uploads\/2009\/01\/se080109-skaw3-21.jpg\" alt=\"\" width=\"450\" height=\"667\" \/><\/a><a href=\"http:\/\/www.syenlap.dk\/wp-content\/uploads\/2009\/01\/se080109-skaw3-2.jpg\" rel=\"lightbox[1930]\"><\/a><\/p>\n<p>Der var ogs\u00e5 opbakning fra patchworkbutikker, der donerede bagsidestof og vat. Og der var quiltebutikker, der quiltede mange af t\u00e6pperne (gratis).<\/p>\n<p>Et af quilterierne designede endda et meget flot m\u00f8nster til fri afbenyttelse for alle, der syede senget\u00e6pperne, og syede og quiltede selv t\u00e6ppet:<\/p>\n<p><a href=\"http:\/\/www.syenlap.dk\/wp-content\/uploads\/2009\/01\/se0608-camilla-2.jpg\" rel=\"lightbox[1930]\"><img loading=\"lazy\" decoding=\"async\" class=\"alignnone size-full wp-image-1938\" title=\"se0608-camilla-2\" src=\"http:\/\/www.syenlap.dk\/wp-content\/uploads\/2009\/01\/se0608-camilla-2.jpg\" alt=\"\" width=\"450\" height=\"633\" \/><\/a><\/p>\n<p>Og i morgen k\u00f8rer vi s\u00e5 til Hobro og afleverer de sidste 27 t\u00e6pper! Det er en helt ubeskrivelig fornemmelse af tilfredshed og stolthed, der fylder os! T\u00e6nk at det lykkedes p\u00e5 bare \u00e9t \u00e5r at sy 64 senget\u00e6pper! Et par stykker faldt fra undervejs, men det er sm\u00e5ting i forhold til det flotte arbejde, som s\u00e5 mange har leveret. Vi m\u00e5 gerne v\u00e6re stolte!<\/p>\n","protected":false},"excerpt":{"rendered":"<p>\u00a0 For lige et \u00e5r siden fik jeg en fuldst\u00e6ndig sk\u00f8r id\u00e9! Men heldigvis fik jeg fuld opbakning, da jeg luftede den i den lille gruppe, der styrer &#8220;Projekt Puttet\u00e6pper&#8221;, som syr mindre t\u00e6pper til b\u00f8rn p\u00e5 julem\u00e6rkehjem. Den nye &hellip; <a href=\"http:\/\/www.syenlap.dk\/?p=1930\">L\u00e6s resten <span class=\"meta-nav\">&rarr;<\/span><\/a><\/p>\n","protected":false},"author":2,"featured_media":0,"comment_status":"open","ping_status":"open","sticky":false,"template":"","format":"standard","meta":{"footnotes":""},"categories":[12,15],"tags":[56],"class_list":["post-1930","post","type-post","status-publish","format-standard","hentry","category-oplevelser","category-patchwork","tag-sengetpper-til-julemrkehjem"],"_links":{"self":[{"href":"http:\/\/www.syenlap.dk\/index.php?rest_route=\/wp\/v2\/posts\/1930","targetHints":{"allow":["GET"]}}],"collection":[{"href":"http:\/\/www.syenlap.dk\/index.php?rest_route=\/wp\/v2\/posts"}],"about":[{"href":"http:\/\/www.syenlap.dk\/index.php?rest_route=\/wp\/v2\/types\/post"}],"author":[{"embeddable":true,"href":"http:\/\/www.syenlap.dk\/index.php?rest_route=\/wp\/v2\/users\/2"}],"replies":[{"embeddable":true,"href":"http:\/\/www.syenlap.dk\/index.php?rest_route=%2Fwp%2Fv2%2Fcomments&post=1930"}],"version-history":[{"count":0,"href":"http:\/\/www.syenlap.dk\/index.php?rest_route=\/wp\/v2\/posts\/1930\/revisions"}],"wp:attachment":[{"href":"http:\/\/www.syenlap.dk\/index.php?rest_route=%2Fwp%2Fv2%2Fmedia&parent=1930"}],"wp:term":[{"taxonomy":"category","embeddable":true,"href":"http:\/\/www.syenlap.dk\/index.php?rest_route=%2Fwp%2Fv2%2Fcategories&post=1930"},{"taxonomy":"post_tag","embeddable":true,"href":"http:\/\/www.syenlap.dk\/index.php?rest_route=%2Fwp%2Fv2%2Ftags&post=1930"}],"curies":[{"name":"wp","href":"https:\/\/api.w.org\/{rel}","templated":true}]}}