{"id":1965,"date":"2009-01-29T20:49:15","date_gmt":"2009-01-29T18:49:15","guid":{"rendered":"http:\/\/www.syenlap.dk\/?p=1965"},"modified":"2009-01-29T20:49:15","modified_gmt":"2009-01-29T18:49:15","slug":"de-sma-gl%c3%a6der","status":"publish","type":"post","link":"http:\/\/www.syenlap.dk\/?p=1965","title":{"rendered":"De sm\u00e5 gl\u00e6der.."},"content":{"rendered":"<p>Vi var til en hyggelig 50 \u00e5rs f\u00f8dselsdag i g\u00e5r hos ham her:<\/p>\n<p><a href=\"http:\/\/www.syenlap.dk\/wp-content\/uploads\/2009\/01\/tune.jpg\" rel=\"lightbox[1965]\"><img decoding=\"async\" class=\"alignnone size-full wp-image-1966\" title=\"tune\" src=\"http:\/\/www.syenlap.dk\/wp-content\/uploads\/2009\/01\/tune.jpg\" alt=\"\" \/><\/a>S\u00f8rens nev\u00f8, som han altid har v\u00e6ret meget glad for, her fra vores bryllup for 45 \u00e5r siden.<\/p>\n<p>P\u00e5 dagen havde han valgt at invitere &#8220;superseniorerne&#8221; i familien, som han kaldte os &#8211; for\u00e6ldre, svigerfor\u00e6ldre, onkel\/tanter- det var rigtig dejligt, vi har jo meget til f\u00e6lles &#8211; h\u00f8rer ikke s\u00e5 godt &#8211; husker m\u00e5ske ikke s\u00e5 godt &#8211; snakker om &#8220;gamle dage&#8221; og familien.<\/p>\n<p>Da vi kom hjem var S\u00f8ren tr\u00e6t, men sagde tilfreds: Jeg klarede det!<\/p>\n<p>Ja, det lyder som en selvf\u00f8lge, men det er det ikke, n\u00e5r man er syg og kr\u00e6fterne ikke er, hvad de har v\u00e6ret.<\/p>\n","protected":false},"excerpt":{"rendered":"<p>Vi var til en hyggelig 50 \u00e5rs f\u00f8dselsdag i g\u00e5r hos ham her: S\u00f8rens nev\u00f8, som han altid har v\u00e6ret meget glad for, her fra vores bryllup for 45 \u00e5r siden. P\u00e5 dagen havde han valgt at invitere &#8220;superseniorerne&#8221; i &hellip; <a href=\"http:\/\/www.syenlap.dk\/?p=1965\">L\u00e6s resten <span class=\"meta-nav\">&rarr;<\/span><\/a><\/p>\n","protected":false},"author":2,"featured_media":0,"comment_status":"open","ping_status":"open","sticky":false,"template":"","format":"standard","meta":{"footnotes":""},"categories":[5],"tags":[],"class_list":["post-1965","post","type-post","status-publish","format-standard","hentry","category-familien"],"_links":{"self":[{"href":"http:\/\/www.syenlap.dk\/index.php?rest_route=\/wp\/v2\/posts\/1965","targetHints":{"allow":["GET"]}}],"collection":[{"href":"http:\/\/www.syenlap.dk\/index.php?rest_route=\/wp\/v2\/posts"}],"about":[{"href":"http:\/\/www.syenlap.dk\/index.php?rest_route=\/wp\/v2\/types\/post"}],"author":[{"embeddable":true,"href":"http:\/\/www.syenlap.dk\/index.php?rest_route=\/wp\/v2\/users\/2"}],"replies":[{"embeddable":true,"href":"http:\/\/www.syenlap.dk\/index.php?rest_route=%2Fwp%2Fv2%2Fcomments&post=1965"}],"version-history":[{"count":0,"href":"http:\/\/www.syenlap.dk\/index.php?rest_route=\/wp\/v2\/posts\/1965\/revisions"}],"wp:attachment":[{"href":"http:\/\/www.syenlap.dk\/index.php?rest_route=%2Fwp%2Fv2%2Fmedia&parent=1965"}],"wp:term":[{"taxonomy":"category","embeddable":true,"href":"http:\/\/www.syenlap.dk\/index.php?rest_route=%2Fwp%2Fv2%2Fcategories&post=1965"},{"taxonomy":"post_tag","embeddable":true,"href":"http:\/\/www.syenlap.dk\/index.php?rest_route=%2Fwp%2Fv2%2Ftags&post=1965"}],"curies":[{"name":"wp","href":"https:\/\/api.w.org\/{rel}","templated":true}]}}