{"id":2006,"date":"2009-02-03T19:02:46","date_gmt":"2009-02-03T17:02:46","guid":{"rendered":"http:\/\/www.syenlap.dk\/?p=2006"},"modified":"2009-02-03T19:02:46","modified_gmt":"2009-02-03T17:02:46","slug":"for-meget-pa-1-dag","status":"publish","type":"post","link":"http:\/\/www.syenlap.dk\/?p=2006","title":{"rendered":"For meget p\u00e5 1 dag?"},"content":{"rendered":"<p>Det er s\u00e5dan en dag, hvor det hele koger sammen: i formiddags havde jeg et hyggeligt m\u00f8de med min afl\u00f8ser som leder af Bes\u00f8gstjenesten &#8211; et dejligt m\u00f8de, som kun bekr\u00e6ftede mig i, at hun er den rette!<\/p>\n<p>S\u00e5 m\u00e5tte jeg lige k\u00f8re gemalen p\u00e5 posthuset med en stor stak breve, han har afsluttet flere frim\u00e6rkeauktioner de sidste dage, og de skal jo specialstemples for samlere, n\u00e5r han sender til k\u00f8berne.<\/p>\n<p>Og vores strikkecaf\u00e9 var blevet flyttet pga vinterferien i n\u00e6ste uge, men det vil jeg ikke g\u00e5 glip af, s\u00e5 m\u00e5tte jeg bare komme lidt for sent. <a href=\"http:\/\/www.syenlap.dk\/?p=1774\" target=\"_blank\">Khaisja<\/a> er kommet i gang med sin vest, og selv om hendes danskkundskaber er begr\u00e6nsede, s\u00e5 har hun en god humor og falder godt ind i gruppen. Vi pr\u00f8vede at strikke p\u00e5 &#8220;hinandens m\u00e5de&#8221;, det er ikke nemt! Hun strikker &#8220;p\u00e5 engelsk&#8221;.<\/p>\n<p>Nu har jeg s\u00e5 lige n\u00e5et at sy kant p\u00e5 <a href=\"http:\/\/www.syenlap.dk\/?p=1946\" target=\"_blank\">&#8220;Bedstemors blomsterhave&#8221;, <\/a>s\u00e5 kan jeg h\u00e5nds\u00f8mme den i aften, hvor jeg skal sy i patchworkgruppen &#8220;Kludekonerne&#8221;!!!<\/p>\n<p>Det er godt, vi har nem mad til aften &#8211; og det er da godt, man er pensionist, hvordan skulle tiden ellers sl\u00e5 til?<\/p>\n","protected":false},"excerpt":{"rendered":"<p>Det er s\u00e5dan en dag, hvor det hele koger sammen: i formiddags havde jeg et hyggeligt m\u00f8de med min afl\u00f8ser som leder af Bes\u00f8gstjenesten &#8211; et dejligt m\u00f8de, som kun bekr\u00e6ftede mig i, at hun er den rette! S\u00e5 m\u00e5tte &hellip; <a href=\"http:\/\/www.syenlap.dk\/?p=2006\">L\u00e6s resten <span class=\"meta-nav\">&rarr;<\/span><\/a><\/p>\n","protected":false},"author":2,"featured_media":0,"comment_status":"open","ping_status":"open","sticky":false,"template":"","format":"standard","meta":{"footnotes":""},"categories":[12],"tags":[],"class_list":["post-2006","post","type-post","status-publish","format-standard","hentry","category-oplevelser"],"_links":{"self":[{"href":"http:\/\/www.syenlap.dk\/index.php?rest_route=\/wp\/v2\/posts\/2006","targetHints":{"allow":["GET"]}}],"collection":[{"href":"http:\/\/www.syenlap.dk\/index.php?rest_route=\/wp\/v2\/posts"}],"about":[{"href":"http:\/\/www.syenlap.dk\/index.php?rest_route=\/wp\/v2\/types\/post"}],"author":[{"embeddable":true,"href":"http:\/\/www.syenlap.dk\/index.php?rest_route=\/wp\/v2\/users\/2"}],"replies":[{"embeddable":true,"href":"http:\/\/www.syenlap.dk\/index.php?rest_route=%2Fwp%2Fv2%2Fcomments&post=2006"}],"version-history":[{"count":0,"href":"http:\/\/www.syenlap.dk\/index.php?rest_route=\/wp\/v2\/posts\/2006\/revisions"}],"wp:attachment":[{"href":"http:\/\/www.syenlap.dk\/index.php?rest_route=%2Fwp%2Fv2%2Fmedia&parent=2006"}],"wp:term":[{"taxonomy":"category","embeddable":true,"href":"http:\/\/www.syenlap.dk\/index.php?rest_route=%2Fwp%2Fv2%2Fcategories&post=2006"},{"taxonomy":"post_tag","embeddable":true,"href":"http:\/\/www.syenlap.dk\/index.php?rest_route=%2Fwp%2Fv2%2Ftags&post=2006"}],"curies":[{"name":"wp","href":"https:\/\/api.w.org\/{rel}","templated":true}]}}