{"id":2021,"date":"2009-02-04T18:01:08","date_gmt":"2009-02-04T16:01:08","guid":{"rendered":"http:\/\/www.syenlap.dk\/?p=2021"},"modified":"2009-02-04T18:01:08","modified_gmt":"2009-02-04T16:01:08","slug":"handquiltning","status":"publish","type":"post","link":"http:\/\/www.syenlap.dk\/?p=2021","title":{"rendered":"H\u00e5ndquiltning"},"content":{"rendered":"<p><a href=\"http:\/\/www.syenlap.dk\/wp-content\/uploads\/2009\/02\/quiltning-2.jpg\" rel=\"lightbox[2021]\"><img loading=\"lazy\" decoding=\"async\" class=\"alignnone size-full wp-image-2022\" title=\"quiltning-2\" src=\"http:\/\/www.syenlap.dk\/wp-content\/uploads\/2009\/02\/quiltning-2.jpg\" alt=\"\" width=\"450\" height=\"285\" \/><\/a><\/p>\n<p>Nu er &#8220;Bedstemors blomsterhave&#8221; samlet og lukkekanten syet p\u00e5, s\u00e5 jeg er ved sidste trin: h\u00e5ndquiltningen.<\/p>\n<p>Nogen kan slet ikke bruge en quilteramme, jeg kan slet ikke undv\u00e6re den, og selv om jeg f.eks. i eftermiddag har haft den lille quilteramme med p\u00e5 S\u00f8nderg\u00e5rden til den ugentlige patchworksyning, fordi den er nemmere at tage med sig, s\u00e5 er det den store ovale <a href=\"http:\/\/www.danewood.dk\/\" target=\"_blank\">Danewood<\/a> ramme p\u00e5 stativ, der er mit bedste v\u00e6rkt\u00f8j!<\/p>\n<p><a href=\"http:\/\/www.syenlap.dk\/wp-content\/uploads\/2009\/02\/quiltning.jpg\" rel=\"lightbox[2021]\"><img loading=\"lazy\" decoding=\"async\" class=\"alignnone size-full wp-image-2023\" title=\"quiltning\" src=\"http:\/\/www.syenlap.dk\/wp-content\/uploads\/2009\/02\/quiltning.jpg\" alt=\"\" width=\"450\" height=\"455\" \/><\/a><\/p>\n<p>Den er s\u00e5 flexibel, kan b\u00f8jes og drejes\u00a0i alle retninger, og man har begge h\u00e6nder fri til quiltningen. Der sidder masser af sikkerhedsn\u00e5le i til at holde de 3 lag p\u00e5 plads, men jeg beh\u00f8ver ikke at ri det hele sammen, n\u00e5r jeg bruger denne ramme.<\/p>\n<p>Nu er t\u00e6ppet snart f\u00e6rdigt, s\u00e5 det kan komme i brug, n\u00e5r ejeren arriverer!<\/p>\n","protected":false},"excerpt":{"rendered":"<p>Nu er &#8220;Bedstemors blomsterhave&#8221; samlet og lukkekanten syet p\u00e5, s\u00e5 jeg er ved sidste trin: h\u00e5ndquiltningen. Nogen kan slet ikke bruge en quilteramme, jeg kan slet ikke undv\u00e6re den, og selv om jeg f.eks. i eftermiddag har haft den lille &hellip; <a href=\"http:\/\/www.syenlap.dk\/?p=2021\">L\u00e6s resten <span class=\"meta-nav\">&rarr;<\/span><\/a><\/p>\n","protected":false},"author":2,"featured_media":0,"comment_status":"open","ping_status":"open","sticky":false,"template":"","format":"standard","meta":{"footnotes":""},"categories":[15],"tags":[],"class_list":["post-2021","post","type-post","status-publish","format-standard","hentry","category-patchwork"],"_links":{"self":[{"href":"http:\/\/www.syenlap.dk\/index.php?rest_route=\/wp\/v2\/posts\/2021","targetHints":{"allow":["GET"]}}],"collection":[{"href":"http:\/\/www.syenlap.dk\/index.php?rest_route=\/wp\/v2\/posts"}],"about":[{"href":"http:\/\/www.syenlap.dk\/index.php?rest_route=\/wp\/v2\/types\/post"}],"author":[{"embeddable":true,"href":"http:\/\/www.syenlap.dk\/index.php?rest_route=\/wp\/v2\/users\/2"}],"replies":[{"embeddable":true,"href":"http:\/\/www.syenlap.dk\/index.php?rest_route=%2Fwp%2Fv2%2Fcomments&post=2021"}],"version-history":[{"count":0,"href":"http:\/\/www.syenlap.dk\/index.php?rest_route=\/wp\/v2\/posts\/2021\/revisions"}],"wp:attachment":[{"href":"http:\/\/www.syenlap.dk\/index.php?rest_route=%2Fwp%2Fv2%2Fmedia&parent=2021"}],"wp:term":[{"taxonomy":"category","embeddable":true,"href":"http:\/\/www.syenlap.dk\/index.php?rest_route=%2Fwp%2Fv2%2Fcategories&post=2021"},{"taxonomy":"post_tag","embeddable":true,"href":"http:\/\/www.syenlap.dk\/index.php?rest_route=%2Fwp%2Fv2%2Ftags&post=2021"}],"curies":[{"name":"wp","href":"https:\/\/api.w.org\/{rel}","templated":true}]}}