{"id":2042,"date":"2009-02-07T17:10:25","date_gmt":"2009-02-07T15:10:25","guid":{"rendered":"http:\/\/www.syenlap.dk\/?p=2042"},"modified":"2009-02-07T17:10:25","modified_gmt":"2009-02-07T15:10:25","slug":"halv-marathon-i-patchwork","status":"publish","type":"post","link":"http:\/\/www.syenlap.dk\/?p=2042","title":{"rendered":"Halv-marathon &#8211; i Patchwork???"},"content":{"rendered":"<p>Marathon i patchwork har vi h\u00f8rt om: man syr hele natten &#8211; m\u00e5ske med et f\u00e6lles tema, har evt soveposer med, spiser noget l\u00e6kkert, drikker noget r\u00f8dvin, g\u00e5r omkuld, n\u00e5r man ikke kan mere. Men en HALV-marathon?<\/p>\n<p><a href=\"http:\/\/www.syenlap.dk\/wp-content\/uploads\/2009\/02\/syning.jpg\" rel=\"lightbox[2042]\"><img loading=\"lazy\" decoding=\"async\" class=\"alignleft size-medium wp-image-2043\" title=\"syning\" src=\"http:\/\/www.syenlap.dk\/wp-content\/uploads\/2009\/02\/syning-300x193.jpg\" alt=\"\" width=\"300\" height=\"193\" \/><\/a>Jo, man syr &#8211; ikke hele natten &#8211; men s\u00e5 l\u00e6nge man har lyst, sender bud efter pizza og salat, drikker r\u00f8dvin, og g\u00e5r hjem lige f\u00f8r man g\u00e5r omkuld!<\/p>\n<p>Det gjorde vi i g\u00e5r i Vitus Bering Quilterne, og det var helt utroligt hyggeligt! Vi er ellers en stor gruppe p\u00e5 omkring 85 medlemmer, der syr i et lokale p\u00e5 et plejecenter ca \u00e9n gang om m\u00e5neden, og vi plejer at v\u00e6re s\u00e5 mange, at der er tr\u00e6ngsel. Det var der s\u00e5 ikke til vores halv-marathon, men til geng\u00e6ld kom vi hinanden mere ved! Der var ikke noget f\u00e6lles tema, men jeg havde lovet at vise &#8220;Ditzy Donuts&#8221; blokken, som sk\u00e6res med en fri teknik og sys p\u00e5 maskine.<\/p>\n<p><a href=\"http:\/\/www.syenlap.dk\/wp-content\/uploads\/2009\/02\/anni.jpg\" rel=\"lightbox[2042]\"><img loading=\"lazy\" decoding=\"async\" class=\"alignnone size-full wp-image-2045\" title=\"anni\" src=\"http:\/\/www.syenlap.dk\/wp-content\/uploads\/2009\/02\/anni.jpg\" alt=\"\" width=\"450\" height=\"379\" \/><\/a><\/p>\n<p>\u00a0Annie holder tungen lige i munden, s\u00e5\u00a0hun ikke bytter rundt p\u00e5 strimlerne!<\/p>\n<p><a href=\"http:\/\/www.syenlap.dk\/wp-content\/uploads\/2009\/02\/lene.jpg\" rel=\"lightbox[2042]\"><img loading=\"lazy\" decoding=\"async\" class=\"alignright size-medium wp-image-2044\" title=\"lene\" src=\"http:\/\/www.syenlap.dk\/wp-content\/uploads\/2009\/02\/lene-300x296.jpg\" alt=\"\" width=\"300\" height=\"296\" \/><\/a><\/p>\n<p>\u00a0<\/p>\n<p>Lene\u00a0trimmer efter de f\u00f8rste sammensyninger<\/p>\n<p>\u00a0<\/p>\n<p>\u00a0<\/p>\n<p>\u00a0<\/p>\n<p>\u00a0<\/p>\n<p>\u00a0<\/p>\n<p>\u00a0<\/p>\n<p>\u00a0S\u00e5 kan man producere s\u00e5dan en start p\u00e5 et t\u00e6ppe!<\/p>\n<p>\u00a0<a href=\"http:\/\/www.syenlap.dk\/wp-content\/uploads\/2009\/02\/lenes-ditzy.jpg\" rel=\"lightbox[2042]\"><img loading=\"lazy\" decoding=\"async\" class=\"alignnone size-full wp-image-2046\" title=\"lenes-ditzy\" src=\"http:\/\/www.syenlap.dk\/wp-content\/uploads\/2009\/02\/lenes-ditzy.jpg\" alt=\"\" width=\"450\" height=\"417\" \/><\/a><\/p>\n<p>\u00a0<\/p>\n<p>\u00a0<\/p>\n<p><a href=\"http:\/\/www.syenlap.dk\/wp-content\/uploads\/2009\/02\/jane.jpg\" rel=\"lightbox[2042]\"><img loading=\"lazy\" decoding=\"async\" class=\"alignright size-medium wp-image-2047\" title=\"jane\" src=\"http:\/\/www.syenlap.dk\/wp-content\/uploads\/2009\/02\/jane-300x246.jpg\" alt=\"\" width=\"300\" height=\"246\" \/><\/a><\/p>\n<p>Jane\u00a0arbejder med en anden symaskineteknik og syr japanske lygter<\/p>\n<p>\u00a0<\/p>\n<p>\u00a0<\/p>\n<p>\u00a0<\/p>\n<p>\u00a0<\/p>\n<p>\u00a0<\/p>\n<p>&#8211; og f\u00e5r dette flotte resultat:<\/p>\n<p>\u00a0<\/p>\n<p><a href=\"http:\/\/www.syenlap.dk\/wp-content\/uploads\/2009\/02\/jap-lygter2.jpg\" rel=\"lightbox[2042]\"><img loading=\"lazy\" decoding=\"async\" class=\"alignnone size-full wp-image-2050\" title=\"jap-lygter2\" src=\"http:\/\/www.syenlap.dk\/wp-content\/uploads\/2009\/02\/jap-lygter2.jpg\" alt=\"\" width=\"450\" height=\"581\" \/><\/a><\/p>\n<p>\u00a0<\/p>\n<p><a href=\"http:\/\/www.syenlap.dk\/wp-content\/uploads\/2009\/02\/foto.jpg\" rel=\"lightbox[2042]\"><img loading=\"lazy\" decoding=\"async\" class=\"alignleft size-medium wp-image-2051\" title=\"foto\" src=\"http:\/\/www.syenlap.dk\/wp-content\/uploads\/2009\/02\/foto-233x300.jpg\" alt=\"\" width=\"233\" height=\"300\" \/><\/a><\/p>\n<p>\u00a0<\/p>\n<p>\u00a0<\/p>\n<p>&#8211; der m\u00e5 foreviges!<\/p>\n<p>\u00a0<\/p>\n<p>\u00a0<\/p>\n<p>\u00a0<\/p>\n<p>\u00a0<\/p>\n<p>\u00a0<\/p>\n<p>\u00a0<\/p>\n<p>\u00a0<\/p>\n<p>Traditionen tro har man ogs\u00e5 sine f\u00e6rdige ting med til fremvisning &#8211; som Henriette, der\u00a0har f\u00e5et sin flotte BOM &#8220;Autumn Splendor&#8221; f\u00e6rdig og har bekostet en flot professionel quiltning p\u00e5 den. Se flere detaljer <a href=\"http:\/\/www.kludekoner.dk\/forside.php?ssprog=dansk&amp;&amp;vispic=3192\" target=\"_blank\">her<\/a>.<\/p>\n<p><a href=\"http:\/\/www.syenlap.dk\/wp-content\/uploads\/2009\/02\/henriette-og-autumn.jpg\" rel=\"lightbox[2042]\"><img loading=\"lazy\" decoding=\"async\" class=\"alignnone size-full wp-image-2052\" title=\"henriette-og-autumn\" src=\"http:\/\/www.syenlap.dk\/wp-content\/uploads\/2009\/02\/henriette-og-autumn.jpg\" alt=\"\" width=\"450\" height=\"638\" \/><\/a><\/p>\n<p>\u00a0<\/p>\n<p><a href=\"http:\/\/www.syenlap.dk\/wp-content\/uploads\/2009\/02\/lone.jpg\" rel=\"lightbox[2042]\"><img loading=\"lazy\" decoding=\"async\" class=\"alignleft size-medium wp-image-2053\" title=\"lone\" src=\"http:\/\/www.syenlap.dk\/wp-content\/uploads\/2009\/02\/lone-300x299.jpg\" alt=\"\" width=\"300\" height=\"299\" \/><\/a><\/p>\n<p>\u00a0<\/p>\n<p>Kaffe Fassett stoffer er meget popul\u00e6re, f.eks. i\u00a0Lones variation af &#8220;Sea at storm&#8221;-m\u00f8nsteret<\/p>\n<p>\u00a0<\/p>\n<p>\u00a0<\/p>\n<p>\u00a0<\/p>\n<p>\u00a0<\/p>\n<p>\u00a0<\/p>\n<p>\u00a0<\/p>\n<p><a href=\"http:\/\/www.syenlap.dk\/wp-content\/uploads\/2009\/02\/alice.jpg\" rel=\"lightbox[2042]\"><img loading=\"lazy\" decoding=\"async\" class=\"alignright size-medium wp-image-2054\" title=\"alice\" src=\"http:\/\/www.syenlap.dk\/wp-content\/uploads\/2009\/02\/alice-220x300.jpg\" alt=\"\" width=\"220\" height=\"300\" \/><\/a><\/p>\n<p>&#8211;\u00a0eller i formand Alice&#8217;s\u00a0forberedelser til en Ricky Tims&#8217; quilt i flotte farver<\/p>\n<p>\u00a0<\/p>\n<p>\u00a0<\/p>\n<p>\u00a0<\/p>\n<p>\u00a0<\/p>\n<p>\u00a0<\/p>\n<p>\u00a0<\/p>\n<p>\u00a0<\/p>\n<p>\u00a0<\/p>\n<p><a href=\"http:\/\/www.syenlap.dk\/wp-content\/uploads\/2009\/02\/solveig1.jpg\" rel=\"lightbox[2042]\"><img loading=\"lazy\" decoding=\"async\" class=\"alignleft size-medium wp-image-2056\" title=\"solveig1\" src=\"http:\/\/www.syenlap.dk\/wp-content\/uploads\/2009\/02\/solveig1-300x232.jpg\" alt=\"\" width=\"300\" height=\"232\" \/><\/a><\/p>\n<p>\u00a0<\/p>\n<p>Solveig\u00a0glemmer ikke r\u00f8dvinen!<\/p>\n<p>\u00a0<\/p>\n<p>\u00a0<\/p>\n<p>\u00a0<\/p>\n<p>\u00a0<\/p>\n<p>\u00a0<\/p>\n<p>\u00a0<\/p>\n<p><a href=\"http:\/\/www.syenlap.dk\/wp-content\/uploads\/2009\/02\/signe.jpg\" rel=\"lightbox[2042]\"><img loading=\"lazy\" decoding=\"async\" class=\"alignright size-medium wp-image-2057\" title=\"signe\" src=\"http:\/\/www.syenlap.dk\/wp-content\/uploads\/2009\/02\/signe-300x276.jpg\" alt=\"\" width=\"300\" height=\"276\" \/><\/a><\/p>\n<p>\u00a0<\/p>\n<p>&#8211; og Signe f\u00e5r tid til b\u00e5de at l\u00e6re den nye blok,<\/p>\n<p>og til at vise, at hun snart er f\u00e6rdig med quiltning p\u00e5 sit flotte &#8220;Solsikker i modlys&#8221;, som hendes mand k\u00f8bte m\u00f8nsteret til\u00a0i en patchworkshop p\u00e5 Quiltefestivalen 2007, for at hun kunne sy noget andet end grydelapper!<\/p>\n<p>\u00a0<\/p>\n<p><a href=\"http:\/\/www.syenlap.dk\/wp-content\/uploads\/2009\/02\/solsikker.jpg\" rel=\"lightbox[2042]\"><img loading=\"lazy\" decoding=\"async\" class=\"alignnone size-full wp-image-2058\" title=\"solsikker\" src=\"http:\/\/www.syenlap.dk\/wp-content\/uploads\/2009\/02\/solsikker.jpg\" alt=\"\" width=\"450\" height=\"578\" \/><\/a><\/p>\n<p>Det var en dejlig aften, og\u00a0de sidste\u00a0drog\u00a0f\u00f8rst hjemad\u00a0ved midnatstid!<\/p>\n","protected":false},"excerpt":{"rendered":"<p>Marathon i patchwork har vi h\u00f8rt om: man syr hele natten &#8211; m\u00e5ske med et f\u00e6lles tema, har evt soveposer med, spiser noget l\u00e6kkert, drikker noget r\u00f8dvin, g\u00e5r omkuld, n\u00e5r man ikke kan mere. Men en HALV-marathon? Jo, man syr &hellip; <a href=\"http:\/\/www.syenlap.dk\/?p=2042\">L\u00e6s resten <span class=\"meta-nav\">&rarr;<\/span><\/a><\/p>\n","protected":false},"author":2,"featured_media":0,"comment_status":"open","ping_status":"open","sticky":false,"template":"","format":"standard","meta":{"footnotes":""},"categories":[12,15],"tags":[63],"class_list":["post-2042","post","type-post","status-publish","format-standard","hentry","category-oplevelser","category-patchwork","tag-vitus-bering-quilterne"],"_links":{"self":[{"href":"http:\/\/www.syenlap.dk\/index.php?rest_route=\/wp\/v2\/posts\/2042","targetHints":{"allow":["GET"]}}],"collection":[{"href":"http:\/\/www.syenlap.dk\/index.php?rest_route=\/wp\/v2\/posts"}],"about":[{"href":"http:\/\/www.syenlap.dk\/index.php?rest_route=\/wp\/v2\/types\/post"}],"author":[{"embeddable":true,"href":"http:\/\/www.syenlap.dk\/index.php?rest_route=\/wp\/v2\/users\/2"}],"replies":[{"embeddable":true,"href":"http:\/\/www.syenlap.dk\/index.php?rest_route=%2Fwp%2Fv2%2Fcomments&post=2042"}],"version-history":[{"count":0,"href":"http:\/\/www.syenlap.dk\/index.php?rest_route=\/wp\/v2\/posts\/2042\/revisions"}],"wp:attachment":[{"href":"http:\/\/www.syenlap.dk\/index.php?rest_route=%2Fwp%2Fv2%2Fmedia&parent=2042"}],"wp:term":[{"taxonomy":"category","embeddable":true,"href":"http:\/\/www.syenlap.dk\/index.php?rest_route=%2Fwp%2Fv2%2Fcategories&post=2042"},{"taxonomy":"post_tag","embeddable":true,"href":"http:\/\/www.syenlap.dk\/index.php?rest_route=%2Fwp%2Fv2%2Ftags&post=2042"}],"curies":[{"name":"wp","href":"https:\/\/api.w.org\/{rel}","templated":true}]}}