{"id":20768,"date":"2013-10-18T19:23:52","date_gmt":"2013-10-18T17:23:52","guid":{"rendered":"http:\/\/www.syenlap.dk\/?p=20768"},"modified":"2013-10-18T19:23:52","modified_gmt":"2013-10-18T17:23:52","slug":"nu-har-jeg-fortjent-at-sidde-i-sofaen","status":"publish","type":"post","link":"http:\/\/www.syenlap.dk\/?p=20768","title":{"rendered":"NU har jeg fortjent at sidde i sofaen.."},"content":{"rendered":"<p>..og se Vild med dans.<\/p>\n<p>Det har v\u00e6ret fysisk meget h\u00e5rdt arbejde i dag. Der er t\u00f8mt skabe og fyldt kufferter med t\u00f8j &#8211; og tro mig, jeg har v\u00e6ret h\u00e5rd. Det var t\u00f8j, der er for gammelt, for stort, for slidt, og nu er det mest usle fyldt i en stor s\u00e6k, der skal p\u00e5 genbrugspladsen, mens store, gamle kufferter og tasker er k\u00f8rt til vores genbrugsbutik fyldt med det gode t\u00f8j &#8211; n\u00e5h ja, jeg glemte nogle ret fine, men for sm\u00e5 travesko, men det bliver ikke sidste gang, jeg skal derop. Der r\u00f8g ogs\u00e5 en dvd-afspiller med og en s\u00e6lskindpels! Jeg har v\u00e6ret alene om det i dag, s\u00e5 jeg har ikke bare pakket, men sl\u00e6bt det hele ned ad trappen og op i bilen, det kan m\u00e6rkes i ben og ryg!<\/p>\n<p>Og s\u00e5 synes jeg, det tyder p\u00e5, der er frost i luften, s\u00e5 jeg sluttede med at k\u00f8re mine store krukker om i carporten p\u00e5 s\u00e6kkevognen. Det er kun lige akkurat, jeg har kr\u00e6fter til at l\u00f8fte dem op p\u00e5 vognen og af igen, men det gik! (Jeg er lidt stolt af mig selv).<\/p>\n<p>Og s\u00e5 fik jeg endnu et bevis p\u00e5, at Diki er blevet mere rolig, for han blev p\u00e6nt i haven, n\u00e5r han fik besked p\u00e5 det, i stedet for at fors\u00f8ge at smutte igennem porten, n\u00e5r jeg baksede med s\u00e6kkevognen &#8211; dejligt!<\/p>\n<p>Jeg fik ogs\u00e5 en s\u00f8d hilsen i dag: en udend\u00f8rs blomster dekoration til mit nye hus fra den nye ejer af den store l\u00e6nestol, det var s\u00f8dt af hende.<\/p>\n","protected":false},"excerpt":{"rendered":"<p>..og se Vild med dans. Det har v\u00e6ret fysisk meget h\u00e5rdt arbejde i dag. Der er t\u00f8mt skabe og fyldt kufferter med t\u00f8j &#8211; og tro mig, jeg har v\u00e6ret h\u00e5rd. Det var t\u00f8j, der er for gammelt, for stort, &hellip; <a href=\"http:\/\/www.syenlap.dk\/?p=20768\">L\u00e6s resten <span class=\"meta-nav\">&rarr;<\/span><\/a><\/p>\n","protected":false},"author":2,"featured_media":0,"comment_status":"open","ping_status":"open","sticky":false,"template":"","format":"standard","meta":{"footnotes":""},"categories":[68],"tags":[],"class_list":["post-20768","post","type-post","status-publish","format-standard","hentry","category-de-sma-glaeder"],"_links":{"self":[{"href":"http:\/\/www.syenlap.dk\/index.php?rest_route=\/wp\/v2\/posts\/20768","targetHints":{"allow":["GET"]}}],"collection":[{"href":"http:\/\/www.syenlap.dk\/index.php?rest_route=\/wp\/v2\/posts"}],"about":[{"href":"http:\/\/www.syenlap.dk\/index.php?rest_route=\/wp\/v2\/types\/post"}],"author":[{"embeddable":true,"href":"http:\/\/www.syenlap.dk\/index.php?rest_route=\/wp\/v2\/users\/2"}],"replies":[{"embeddable":true,"href":"http:\/\/www.syenlap.dk\/index.php?rest_route=%2Fwp%2Fv2%2Fcomments&post=20768"}],"version-history":[{"count":1,"href":"http:\/\/www.syenlap.dk\/index.php?rest_route=\/wp\/v2\/posts\/20768\/revisions"}],"predecessor-version":[{"id":20769,"href":"http:\/\/www.syenlap.dk\/index.php?rest_route=\/wp\/v2\/posts\/20768\/revisions\/20769"}],"wp:attachment":[{"href":"http:\/\/www.syenlap.dk\/index.php?rest_route=%2Fwp%2Fv2%2Fmedia&parent=20768"}],"wp:term":[{"taxonomy":"category","embeddable":true,"href":"http:\/\/www.syenlap.dk\/index.php?rest_route=%2Fwp%2Fv2%2Fcategories&post=20768"},{"taxonomy":"post_tag","embeddable":true,"href":"http:\/\/www.syenlap.dk\/index.php?rest_route=%2Fwp%2Fv2%2Ftags&post=20768"}],"curies":[{"name":"wp","href":"https:\/\/api.w.org\/{rel}","templated":true}]}}