{"id":2148,"date":"2009-02-14T18:39:31","date_gmt":"2009-02-14T16:39:31","guid":{"rendered":"http:\/\/www.syenlap.dk\/?p=2148"},"modified":"2009-02-14T18:39:31","modified_gmt":"2009-02-14T16:39:31","slug":"hun-kan-da-godt-strikke","status":"publish","type":"post","link":"http:\/\/www.syenlap.dk\/?p=2148","title":{"rendered":"Hun kan da godt strikke!"},"content":{"rendered":"<p><a href=\"http:\/\/www.syenlap.dk\/wp-content\/uploads\/2009\/02\/fleece.jpg\" rel=\"lightbox[2148]\"><img loading=\"lazy\" decoding=\"async\" class=\"alignnone size-full wp-image-2149\" title=\"fleece\" src=\"http:\/\/www.syenlap.dk\/wp-content\/uploads\/2009\/02\/fleece.jpg\" alt=\"\" width=\"450\" height=\"594\" \/><\/a><\/p>\n<p>Egentlig havde jeg lovet at strikke et <a href=\"http:\/\/www.marknodesign.dk\/group.asp?group=2655\" target=\"_blank\">fleece-halst\u00f8rkl\u00e6de<\/a> til min svigerdatters mor. Men jeg synes, det er sjovere, hvis hun selv strkker det &#8211; og det tror hendes mor garanteret ikke, at hun kan!<\/p>\n<p>Men det er s\u00e5 supersjovt og meget hurtigt at strikke af dette bl\u00f8de garn, at det er der hurtigt g\u00e5et sport i.<\/p>\n<p><a href=\"http:\/\/www.syenlap.dk\/wp-content\/uploads\/2009\/02\/fleece-3.jpg\" rel=\"lightbox[2148]\"><img loading=\"lazy\" decoding=\"async\" class=\"alignnone size-full wp-image-2150\" title=\"fleece-3\" src=\"http:\/\/www.syenlap.dk\/wp-content\/uploads\/2009\/02\/fleece-3.jpg\" alt=\"\" width=\"450\" height=\"287\" \/><\/a><\/p>\n<p>\u00a0<\/p>\n<p>8 masker p\u00e5 pinde nr 7, og nu er hun allerede p\u00e5 det 3. n\u00f8gle efter et par timer!<\/p>\n<p>Vi har sammen v\u00e6ret p\u00e5 bes\u00f8g hos <a href=\"http:\/\/www.lenep-katrinelund.dk\/home.php\">Lene-P p\u00e5 Katrinelund<\/a>, hvor hun har k\u00f8bt garn til en <a href=\"http:\/\/www.lenep-katrinelund.dk\/home.php?site=egnemodellerlist&amp;id=1\" target=\"_blank\">vest i ret og vrang<\/a> i bl\u00e5 farver, lammeuld og alpacca, som jeg vil strikke\u00a0for hende.<\/p>\n<p><a href=\"http:\/\/www.syenlap.dk\/wp-content\/uploads\/2009\/02\/regnbuestrik.jpg\" rel=\"lightbox[2148]\"><img loading=\"lazy\" decoding=\"async\" class=\"alignnone size-full wp-image-2151\" title=\"regnbuestrik\" src=\"http:\/\/www.syenlap.dk\/wp-content\/uploads\/2009\/02\/regnbuestrik.jpg\" alt=\"\" width=\"450\" height=\"419\" \/><\/a><\/p>\n<p>Jeg er n\u00e6sten f\u00e6rdig med et eksperiment, nemlig en vest i vendestrik i b\u00f8rnest\u00f8rrelse.<\/p>\n<p><a href=\"http:\/\/www.syenlap.dk\/wp-content\/uploads\/2009\/02\/regnbuestrik-bag.jpg\" rel=\"lightbox[2148]\"><img loading=\"lazy\" decoding=\"async\" class=\"alignleft size-medium wp-image-2152\" title=\"regnbuestrik-bag\" src=\"http:\/\/www.syenlap.dk\/wp-content\/uploads\/2009\/02\/regnbuestrik-bag-288x300.jpg\" alt=\"\" width=\"288\" height=\"300\" \/><\/a><\/p>\n<p>Det har Lene ikke lavet opskrift p\u00e5, for man er n\u00f8dt til at bryde garnet i hvert farveforl\u00f8b for at f\u00e5 hele forl\u00f8bet med p\u00e5 de f\u00e6rre masker og f\u00e6rre r\u00e6kker. Og det er sv\u00e6rt at s\u00e6tte ind i en opskrift.<\/p>\n<p>Men det ser ud til at eksperimentet lykkes! Jeg h\u00e5ber, at det bliver en str. 8-10 \u00e5r.<\/p>\n","protected":false},"excerpt":{"rendered":"<p>Egentlig havde jeg lovet at strikke et fleece-halst\u00f8rkl\u00e6de til min svigerdatters mor. Men jeg synes, det er sjovere, hvis hun selv strkker det &#8211; og det tror hendes mor garanteret ikke, at hun kan! Men det er s\u00e5 supersjovt og &hellip; <a href=\"http:\/\/www.syenlap.dk\/?p=2148\">L\u00e6s resten <span class=\"meta-nav\">&rarr;<\/span><\/a><\/p>\n","protected":false},"author":2,"featured_media":0,"comment_status":"open","ping_status":"open","sticky":false,"template":"","format":"standard","meta":{"footnotes":""},"categories":[5,16],"tags":[],"class_list":["post-2148","post","type-post","status-publish","format-standard","hentry","category-familien","category-strik"],"_links":{"self":[{"href":"http:\/\/www.syenlap.dk\/index.php?rest_route=\/wp\/v2\/posts\/2148","targetHints":{"allow":["GET"]}}],"collection":[{"href":"http:\/\/www.syenlap.dk\/index.php?rest_route=\/wp\/v2\/posts"}],"about":[{"href":"http:\/\/www.syenlap.dk\/index.php?rest_route=\/wp\/v2\/types\/post"}],"author":[{"embeddable":true,"href":"http:\/\/www.syenlap.dk\/index.php?rest_route=\/wp\/v2\/users\/2"}],"replies":[{"embeddable":true,"href":"http:\/\/www.syenlap.dk\/index.php?rest_route=%2Fwp%2Fv2%2Fcomments&post=2148"}],"version-history":[{"count":0,"href":"http:\/\/www.syenlap.dk\/index.php?rest_route=\/wp\/v2\/posts\/2148\/revisions"}],"wp:attachment":[{"href":"http:\/\/www.syenlap.dk\/index.php?rest_route=%2Fwp%2Fv2%2Fmedia&parent=2148"}],"wp:term":[{"taxonomy":"category","embeddable":true,"href":"http:\/\/www.syenlap.dk\/index.php?rest_route=%2Fwp%2Fv2%2Fcategories&post=2148"},{"taxonomy":"post_tag","embeddable":true,"href":"http:\/\/www.syenlap.dk\/index.php?rest_route=%2Fwp%2Fv2%2Ftags&post=2148"}],"curies":[{"name":"wp","href":"https:\/\/api.w.org\/{rel}","templated":true}]}}