{"id":21744,"date":"2014-02-22T00:54:56","date_gmt":"2014-02-21T22:54:56","guid":{"rendered":"http:\/\/www.syenlap.dk\/?p=21744"},"modified":"2015-01-08T19:27:42","modified_gmt":"2015-01-08T17:27:42","slug":"sidste-sting-paa-foedselsdagsgaven","status":"publish","type":"post","link":"http:\/\/www.syenlap.dk\/?p=21744","title":{"rendered":"Sidste sting p\u00e5 f\u00f8dselsdagsgaven"},"content":{"rendered":"<p>Det har lige v\u00e6ret nogle travle dage &#8211; men jeg n\u00e5ede det, og i eftermiddags tog jeg det sidste sting p\u00e5 det sp\u00e6ndende t\u00e6ppe og tog hen og afleverede det til \u00e6ldstes\u00f8nnen, som fik det i f\u00f8dselsdagsgave.<\/p>\n<p><a href=\"http:\/\/www.syenlap.dk\/wp-content\/uploads\/2014\/02\/sidste-sting.jpg\" rel=\"lightbox[21744]\"><img loading=\"lazy\" decoding=\"async\" class=\"aligncenter size-full wp-image-21751\" src=\"http:\/\/www.syenlap.dk\/wp-content\/uploads\/2014\/02\/sidste-sting.jpg\" alt=\"sidste sting\" width=\"500\" height=\"386\" srcset=\"http:\/\/www.syenlap.dk\/wp-content\/uploads\/2014\/02\/sidste-sting.jpg 500w, http:\/\/www.syenlap.dk\/wp-content\/uploads\/2014\/02\/sidste-sting-300x231.jpg 300w, http:\/\/www.syenlap.dk\/wp-content\/uploads\/2014\/02\/sidste-sting-388x300.jpg 388w\" sizes=\"auto, (max-width: 500px) 100vw, 500px\" \/><\/a><\/p>\n<p><a href=\"http:\/\/www.syenlap.dk\/wp-content\/uploads\/2014\/02\/jans-t\u00e6ppe-2.jpg\" rel=\"lightbox[21744]\"><img loading=\"lazy\" decoding=\"async\" class=\"aligncenter size-full wp-image-21747\" src=\"http:\/\/www.syenlap.dk\/wp-content\/uploads\/2014\/02\/jans-t\u00e6ppe-2.jpg\" alt=\"jans t\u00e6ppe 2\" width=\"600\" height=\"446\" srcset=\"http:\/\/www.syenlap.dk\/wp-content\/uploads\/2014\/02\/jans-t\u00e6ppe-2.jpg 600w, http:\/\/www.syenlap.dk\/wp-content\/uploads\/2014\/02\/jans-t\u00e6ppe-2-300x223.jpg 300w, http:\/\/www.syenlap.dk\/wp-content\/uploads\/2014\/02\/jans-t\u00e6ppe-2-403x300.jpg 403w\" sizes=\"auto, (max-width: 600px) 100vw, 600px\" \/><\/a><\/p>\n<p>Jeg n\u00e5ede lige at f\u00e5 det fotograferet &#8211; b\u00e5de ude i haven ..<\/p>\n<p><a href=\"http:\/\/www.syenlap.dk\/wp-content\/uploads\/2014\/02\/diki.jpg\" rel=\"lightbox[21744]\"><img loading=\"lazy\" decoding=\"async\" class=\"aligncenter size-full wp-image-21746\" src=\"http:\/\/www.syenlap.dk\/wp-content\/uploads\/2014\/02\/diki.jpg\" alt=\"diki\" width=\"600\" height=\"639\" srcset=\"http:\/\/www.syenlap.dk\/wp-content\/uploads\/2014\/02\/diki.jpg 600w, http:\/\/www.syenlap.dk\/wp-content\/uploads\/2014\/02\/diki-281x300.jpg 281w\" sizes=\"auto, (max-width: 600px) 100vw, 600px\" \/><\/a><\/p>\n<p>..og inde i stuen &#8211; og hvem insisterede p\u00e5 at komme med p\u00e5 billedet?<\/p>\n<p><a href=\"http:\/\/www.syenlap.dk\/wp-content\/uploads\/2014\/02\/bagside.jpg\" rel=\"lightbox[21744]\"><img loading=\"lazy\" decoding=\"async\" class=\"aligncenter size-full wp-image-21745\" src=\"http:\/\/www.syenlap.dk\/wp-content\/uploads\/2014\/02\/bagside.jpg\" alt=\"bagside\" width=\"500\" height=\"433\" srcset=\"http:\/\/www.syenlap.dk\/wp-content\/uploads\/2014\/02\/bagside.jpg 500w, http:\/\/www.syenlap.dk\/wp-content\/uploads\/2014\/02\/bagside-300x259.jpg 300w, http:\/\/www.syenlap.dk\/wp-content\/uploads\/2014\/02\/bagside-346x300.jpg 346w\" sizes=\"auto, (max-width: 500px) 100vw, 500px\" \/><\/a><\/p>\n<p>Her er bagsiden, som jo ogs\u00e5 kan blive sp\u00e6ndende p\u00e5 et t\u00e6ppe, syet i denne teknik &#8220;Fix &amp; f\u00e6rdig&#8221; \/ Quilt-as-you-go.<\/p>\n<p><a href=\"http:\/\/www.syenlap.dk\/wp-content\/uploads\/2014\/02\/jans-t\u00e6ppe-3.jpg\" rel=\"lightbox[21744]\"><img loading=\"lazy\" decoding=\"async\" class=\"aligncenter size-full wp-image-21748\" src=\"http:\/\/www.syenlap.dk\/wp-content\/uploads\/2014\/02\/jans-t\u00e6ppe-3.jpg\" alt=\"jans t\u00e6ppe 3\" width=\"500\" height=\"696\" srcset=\"http:\/\/www.syenlap.dk\/wp-content\/uploads\/2014\/02\/jans-t\u00e6ppe-3.jpg 500w, http:\/\/www.syenlap.dk\/wp-content\/uploads\/2014\/02\/jans-t\u00e6ppe-3-215x300.jpg 215w\" sizes=\"auto, (max-width: 500px) 100vw, 500px\" \/><\/a><\/p>\n<p>Jeg kom i tanker om, at den eneste i familien, som jeg aldrig har syet et patchworkt\u00e6ppe til, det var \u00e6ldstes\u00f8nnen! Alle andre: datter,\u00a0yngstes\u00f8n, begge svigerd\u00f8tre, svigers\u00f8n og alle b\u00f8rneb\u00f8rn har f\u00e5et t\u00e6pper, og senget\u00e6pper har de ogs\u00e5 f\u00e5et. Men han har nok aldrig udtrykt s\u00e6rligt \u00f8nske om det.<\/p>\n<p style=\"text-align: center;\"><a href=\"http:\/\/www.syenlap.dk\/wp-content\/uploads\/2014\/02\/jans-t\u00e6ppe-5.jpg\" rel=\"lightbox[21744]\"><img loading=\"lazy\" decoding=\"async\" class=\"aligncenter\" src=\"http:\/\/www.syenlap.dk\/wp-content\/uploads\/2014\/02\/jans-t\u00e6ppe-5.jpg\" alt=\"jans t\u00e6ppe 5\" width=\"600\" height=\"420\" \/><\/a><\/p>\n<p>Men pga af 3 mislykkede hofteoperationer har han brug for at hvile sig p\u00e5 sofaen, og jeg havde lagt m\u00e6rke til, at svigerdatteren lagde sit eget eller et af b\u00f8rnenes t\u00e6pper p\u00e5 for at sk\u00e5ne sofaen. S\u00e5 han skulle selvf\u00f8lgelig have sin egen personlige quilt, der skulle passe til sofaen og ikke v\u00e6re feminin!<\/p>\n<p><a href=\"http:\/\/www.syenlap.dk\/wp-content\/uploads\/2014\/02\/jans-t\u00e6ppe-4.jpg\" rel=\"lightbox[21744]\"><img loading=\"lazy\" decoding=\"async\" class=\"aligncenter size-full wp-image-21749\" src=\"http:\/\/www.syenlap.dk\/wp-content\/uploads\/2014\/02\/jans-t\u00e6ppe-4.jpg\" alt=\"jans t\u00e6ppe 4\" width=\"500\" height=\"720\" srcset=\"http:\/\/www.syenlap.dk\/wp-content\/uploads\/2014\/02\/jans-t\u00e6ppe-4.jpg 500w, http:\/\/www.syenlap.dk\/wp-content\/uploads\/2014\/02\/jans-t\u00e6ppe-4-208x300.jpg 208w\" sizes=\"auto, (max-width: 500px) 100vw, 500px\" \/><\/a><\/p>\n<p>En f\u00f8dselsdagsgave, der har givet mig gl\u00e6de at sy og forh\u00e5bentlig vil g\u00f8re gavn.<\/p>\n","protected":false},"excerpt":{"rendered":"<p>Det har lige v\u00e6ret nogle travle dage &#8211; men jeg n\u00e5ede det, og i eftermiddags tog jeg det sidste sting p\u00e5 det sp\u00e6ndende t\u00e6ppe og tog hen og afleverede det til \u00e6ldstes\u00f8nnen, som fik det i f\u00f8dselsdagsgave. Jeg n\u00e5ede lige &hellip; <a href=\"http:\/\/www.syenlap.dk\/?p=21744\">L\u00e6s resten <span class=\"meta-nav\">&rarr;<\/span><\/a><\/p>\n","protected":false},"author":2,"featured_media":0,"comment_status":"open","ping_status":"open","sticky":false,"template":"","format":"standard","meta":{"footnotes":""},"categories":[5,15,17],"tags":[],"class_list":["post-21744","post","type-post","status-publish","format-standard","hentry","category-familien","category-patchwork","category-tutorials-trin-for-trin-vejledning-patchwork-strik"],"_links":{"self":[{"href":"http:\/\/www.syenlap.dk\/index.php?rest_route=\/wp\/v2\/posts\/21744","targetHints":{"allow":["GET"]}}],"collection":[{"href":"http:\/\/www.syenlap.dk\/index.php?rest_route=\/wp\/v2\/posts"}],"about":[{"href":"http:\/\/www.syenlap.dk\/index.php?rest_route=\/wp\/v2\/types\/post"}],"author":[{"embeddable":true,"href":"http:\/\/www.syenlap.dk\/index.php?rest_route=\/wp\/v2\/users\/2"}],"replies":[{"embeddable":true,"href":"http:\/\/www.syenlap.dk\/index.php?rest_route=%2Fwp%2Fv2%2Fcomments&post=21744"}],"version-history":[{"count":2,"href":"http:\/\/www.syenlap.dk\/index.php?rest_route=\/wp\/v2\/posts\/21744\/revisions"}],"predecessor-version":[{"id":24559,"href":"http:\/\/www.syenlap.dk\/index.php?rest_route=\/wp\/v2\/posts\/21744\/revisions\/24559"}],"wp:attachment":[{"href":"http:\/\/www.syenlap.dk\/index.php?rest_route=%2Fwp%2Fv2%2Fmedia&parent=21744"}],"wp:term":[{"taxonomy":"category","embeddable":true,"href":"http:\/\/www.syenlap.dk\/index.php?rest_route=%2Fwp%2Fv2%2Fcategories&post=21744"},{"taxonomy":"post_tag","embeddable":true,"href":"http:\/\/www.syenlap.dk\/index.php?rest_route=%2Fwp%2Fv2%2Ftags&post=21744"}],"curies":[{"name":"wp","href":"https:\/\/api.w.org\/{rel}","templated":true}]}}