{"id":2260,"date":"2009-02-22T11:00:02","date_gmt":"2009-02-22T09:00:02","guid":{"rendered":"http:\/\/www.syenlap.dk\/?p=2260"},"modified":"2009-02-22T11:00:02","modified_gmt":"2009-02-22T09:00:02","slug":"p-vagten-lange-halst%c3%b8rkl%c3%a6de","status":"publish","type":"post","link":"http:\/\/www.syenlap.dk\/?p=2260","title":{"rendered":"P-vagtens lange herrehalst\u00f8rkl\u00e6de"},"content":{"rendered":"<p><img loading=\"lazy\" decoding=\"async\" class=\"aligncenter size-full wp-image-2261\" title=\"blat-herrehalstc3b8rklc3a6de-ophc3a6ngt-3002\" src=\"http:\/\/www.syenlap.dk\/wp-content\/uploads\/2009\/02\/blat-herrehalstc3b8rklc3a6de-ophc3a6ngt-3002.jpg\" alt=\"blat-herrehalstc3b8rklc3a6de-ophc3a6ngt-3002\" width=\"300\" height=\"572\" \/><\/p>\n<p>\u00a0<\/p>\n<p>Jeg har strikket det lange halst\u00f8rkl\u00e6de til \u00e6ldstes\u00f8nnen som f\u00f8dselsdagsgave (i g\u00e5r), derfor er der ikke vist billeder f\u00f8r.<br \/>\nHan skulle have det i bl\u00e5 farver, s\u00e5 det kan passe til hans p-vagt uniform, n\u00e5r han snart skal p\u00e5 arbejde igen efter at have f\u00e5et ny hofte.<\/p>\n<p><img loading=\"lazy\" decoding=\"async\" class=\"aligncenter size-full wp-image-2262\" title=\"blat-herrehalstc3b8rklc3a6de-foldet-4501\" src=\"http:\/\/www.syenlap.dk\/wp-content\/uploads\/2009\/02\/blat-herrehalstc3b8rklc3a6de-foldet-4501.jpg\" alt=\"blat-herrehalstc3b8rklc3a6de-foldet-4501\" width=\"450\" height=\"425\" \/><\/p>\n<p>Jeg strikkede det f\u00f8rste gang som <a href=\"http:\/\/www.syenlap.dk\/?p=1230\" target=\"_blank\">julegave til svigers\u00f8nnen<\/a>.<\/p>\n<p>Fakta: 5 forskellige str\u00f8mpegarner, \u00e9n af dem ensfarvet og 4 selvm\u00f8nstrende af forskelligt m\u00e6rke.<br \/>\n450 masker, frem og tilbage i retstrikning p\u00e5 rundpind nr 3\u00bd, 6 pinde af hver skiftevis,<br \/>\nl\u00e6ngde 200 cm bredde 16 cm.<br \/>\nEgen opskrift.<\/p>\n<p><img loading=\"lazy\" decoding=\"async\" class=\"aligncenter size-full wp-image-2263\" title=\"blat-herrehalstc3b8rklc3a6de-langt-3001\" src=\"http:\/\/www.syenlap.dk\/wp-content\/uploads\/2009\/02\/blat-herrehalstc3b8rklc3a6de-langt-3001.jpg\" alt=\"blat-herrehalstc3b8rklc3a6de-langt-3001\" width=\"300\" height=\"462\" \/><\/p>\n<p>\u00a0<\/p>\n<p>Pas p\u00e5 derude &#8211; han er snart p\u00e5 gaden igen!<\/p>\n","protected":false},"excerpt":{"rendered":"<p>\u00a0 Jeg har strikket det lange halst\u00f8rkl\u00e6de til \u00e6ldstes\u00f8nnen som f\u00f8dselsdagsgave (i g\u00e5r), derfor er der ikke vist billeder f\u00f8r. Han skulle have det i bl\u00e5 farver, s\u00e5 det kan passe til hans p-vagt uniform, n\u00e5r han snart skal p\u00e5 &hellip; <a href=\"http:\/\/www.syenlap.dk\/?p=2260\">L\u00e6s resten <span class=\"meta-nav\">&rarr;<\/span><\/a><\/p>\n","protected":false},"author":2,"featured_media":0,"comment_status":"open","ping_status":"open","sticky":false,"template":"","format":"standard","meta":{"footnotes":""},"categories":[5,16],"tags":[],"class_list":["post-2260","post","type-post","status-publish","format-standard","hentry","category-familien","category-strik"],"_links":{"self":[{"href":"http:\/\/www.syenlap.dk\/index.php?rest_route=\/wp\/v2\/posts\/2260","targetHints":{"allow":["GET"]}}],"collection":[{"href":"http:\/\/www.syenlap.dk\/index.php?rest_route=\/wp\/v2\/posts"}],"about":[{"href":"http:\/\/www.syenlap.dk\/index.php?rest_route=\/wp\/v2\/types\/post"}],"author":[{"embeddable":true,"href":"http:\/\/www.syenlap.dk\/index.php?rest_route=\/wp\/v2\/users\/2"}],"replies":[{"embeddable":true,"href":"http:\/\/www.syenlap.dk\/index.php?rest_route=%2Fwp%2Fv2%2Fcomments&post=2260"}],"version-history":[{"count":0,"href":"http:\/\/www.syenlap.dk\/index.php?rest_route=\/wp\/v2\/posts\/2260\/revisions"}],"wp:attachment":[{"href":"http:\/\/www.syenlap.dk\/index.php?rest_route=%2Fwp%2Fv2%2Fmedia&parent=2260"}],"wp:term":[{"taxonomy":"category","embeddable":true,"href":"http:\/\/www.syenlap.dk\/index.php?rest_route=%2Fwp%2Fv2%2Fcategories&post=2260"},{"taxonomy":"post_tag","embeddable":true,"href":"http:\/\/www.syenlap.dk\/index.php?rest_route=%2Fwp%2Fv2%2Ftags&post=2260"}],"curies":[{"name":"wp","href":"https:\/\/api.w.org\/{rel}","templated":true}]}}