{"id":22661,"date":"2014-05-23T09:09:20","date_gmt":"2014-05-23T07:09:20","guid":{"rendered":"http:\/\/www.syenlap.dk\/?p=22661"},"modified":"2014-05-23T09:09:20","modified_gmt":"2014-05-23T07:09:20","slug":"er-der-forskel-paa-torden","status":"publish","type":"post","link":"http:\/\/www.syenlap.dk\/?p=22661","title":{"rendered":"Er der forskel p\u00e5 torden?"},"content":{"rendered":"<p>Ja, det mener jeg, at der er. Den voldsomme torden, der rullede og rullede hen over hovedet p\u00e5 mig i nat, l\u00f8d ikke som den, jeg har h\u00f8rt i 34 \u00e5r i Br\u00e6dstrup, hvor det l\u00f8d som om tordenvejret kastedes imellem bakkerne og kom tilbage.<\/p>\n<p>I nat var det som om det blev ved at st\u00e5 som en t\u00f8nde med store sten, der rumlede p\u00e5 samme sted &#8211; det var godt nok voldsomt. M\u00e5ske har det noget at g\u00f8re med, at vi ligger t\u00e6t p\u00e5 vandet. Jeg husker fra min barndoms somre ved Storeb\u00e6lt, at lynene altid stod ude over vandet. &#8220;Vandet tr\u00e6kker&#8221; sagde de voksne.<\/p>\n<p>Nu er jeg heldigvis ikke spor bange i tordenvejr, og til min lettelse er Diki heller ikke p\u00e5virket af larmen eller lynene. Jeg er godt klar over, at det ville p\u00e5virke ham, hvis jeg var bange, men jeg bliver bare liggende, selv om jeg er v\u00e5gen, og lytter til uvejret. Og det g\u00f8r han s\u00e5 \u00e5benbart ogs\u00e5, uden at jeg kan registrere, om han er v\u00e5gen. Han kommer ikke op til mig, og det ville han g\u00f8re, hvis han ikke havde det godt. (F.eks. de f\u00f8rste n\u00e6tter efter at han blev klippet! hvor jeg tror, han fr\u00f8s)<\/p>\n<p style=\"text-align: center;\"><a href=\"http:\/\/www.syenlap.dk\/wp-content\/uploads\/2014\/05\/hagl-2.jpg\" rel=\"lightbox[22661]\"><img loading=\"lazy\" decoding=\"async\" class=\"aligncenter\" alt=\"hagl 2\" src=\"http:\/\/www.syenlap.dk\/wp-content\/uploads\/2014\/05\/hagl-2.jpg\" width=\"800\" height=\"600\" \/><\/a><\/p>\n<p>Vi n\u00e5ede heldigvis ud p\u00e5 morgenluftetur, f\u00f8r det tog fat igen &#8211; og s\u00e5 skal jeg ellers love for, at det stod ned i st\u00e6nger! Og i starten var der store hagl i regnen &#8211; mine stakkels blomster!\u00a0<a href=\"http:\/\/www.syenlap.dk\/wp-content\/uploads\/2014\/05\/hagl.jpg\" rel=\"lightbox[22661]\"><img loading=\"lazy\" decoding=\"async\" class=\"aligncenter size-full wp-image-22663\" alt=\"hagl\" src=\"http:\/\/www.syenlap.dk\/wp-content\/uploads\/2014\/05\/hagl.jpg\" width=\"800\" height=\"681\" srcset=\"http:\/\/www.syenlap.dk\/wp-content\/uploads\/2014\/05\/hagl.jpg 800w, http:\/\/www.syenlap.dk\/wp-content\/uploads\/2014\/05\/hagl-300x255.jpg 300w, http:\/\/www.syenlap.dk\/wp-content\/uploads\/2014\/05\/hagl-352x300.jpg 352w\" sizes=\"auto, (max-width: 800px) 100vw, 800px\" \/><\/a><\/p>\n","protected":false},"excerpt":{"rendered":"<p>Ja, det mener jeg, at der er. Den voldsomme torden, der rullede og rullede hen over hovedet p\u00e5 mig i nat, l\u00f8d ikke som den, jeg har h\u00f8rt i 34 \u00e5r i Br\u00e6dstrup, hvor det l\u00f8d som om tordenvejret kastedes &hellip; <a href=\"http:\/\/www.syenlap.dk\/?p=22661\">L\u00e6s resten <span class=\"meta-nav\">&rarr;<\/span><\/a><\/p>\n","protected":false},"author":2,"featured_media":0,"comment_status":"open","ping_status":"open","sticky":false,"template":"","format":"standard","meta":{"footnotes":""},"categories":[4,8],"tags":[],"class_list":["post-22661","post","type-post","status-publish","format-standard","hentry","category-dyr","category-haven"],"_links":{"self":[{"href":"http:\/\/www.syenlap.dk\/index.php?rest_route=\/wp\/v2\/posts\/22661","targetHints":{"allow":["GET"]}}],"collection":[{"href":"http:\/\/www.syenlap.dk\/index.php?rest_route=\/wp\/v2\/posts"}],"about":[{"href":"http:\/\/www.syenlap.dk\/index.php?rest_route=\/wp\/v2\/types\/post"}],"author":[{"embeddable":true,"href":"http:\/\/www.syenlap.dk\/index.php?rest_route=\/wp\/v2\/users\/2"}],"replies":[{"embeddable":true,"href":"http:\/\/www.syenlap.dk\/index.php?rest_route=%2Fwp%2Fv2%2Fcomments&post=22661"}],"version-history":[{"count":1,"href":"http:\/\/www.syenlap.dk\/index.php?rest_route=\/wp\/v2\/posts\/22661\/revisions"}],"predecessor-version":[{"id":22664,"href":"http:\/\/www.syenlap.dk\/index.php?rest_route=\/wp\/v2\/posts\/22661\/revisions\/22664"}],"wp:attachment":[{"href":"http:\/\/www.syenlap.dk\/index.php?rest_route=%2Fwp%2Fv2%2Fmedia&parent=22661"}],"wp:term":[{"taxonomy":"category","embeddable":true,"href":"http:\/\/www.syenlap.dk\/index.php?rest_route=%2Fwp%2Fv2%2Fcategories&post=22661"},{"taxonomy":"post_tag","embeddable":true,"href":"http:\/\/www.syenlap.dk\/index.php?rest_route=%2Fwp%2Fv2%2Ftags&post=22661"}],"curies":[{"name":"wp","href":"https:\/\/api.w.org\/{rel}","templated":true}]}}