{"id":2277,"date":"2009-02-26T20:05:34","date_gmt":"2009-02-26T18:05:34","guid":{"rendered":"http:\/\/www.syenlap.dk\/?p=2277"},"modified":"2009-02-26T20:05:34","modified_gmt":"2009-02-26T18:05:34","slug":"regnbuevest-i-vendestrik-str-8-ar","status":"publish","type":"post","link":"http:\/\/www.syenlap.dk\/?p=2277","title":{"rendered":"Regnbuevest i vendestrik str. 8 \u00e5r"},"content":{"rendered":"<p><img loading=\"lazy\" decoding=\"async\" class=\"aligncenter size-full wp-image-2278\" title=\"christinas-vendestrik-vest-450\" src=\"http:\/\/www.syenlap.dk\/wp-content\/uploads\/2009\/02\/christinas-vendestrik-vest-450.jpg\" alt=\"christinas-vendestrik-vest-450\" width=\"450\" height=\"700\" \/><\/p>\n<p>\u00a0<\/p>\n<p>S\u00e5 lykkedes det! Jeg havde strikket vesten i vendestrik fra <a href=\"http:\/\/www.lenep-katrinelund.dk\/home.php\" target=\"_blank\">Katrinelund<\/a> i regnbuefarver til Christina i f\u00f8dselsdagsgave, da hun i g\u00e5r blev 8 \u00e5r. Og jeg ville ikke vise den f\u00e6rdig p\u00e5 bloggen, f\u00f8r hun havde f\u00e5et den. Og s\u00e5 svigtede Postdanmark, s\u00e5 trods forsendelse i god tid, fik hun den en dag for sent &#8211; til b\u00e5de min og hendes (hvorfor var der ingen brev fra dig?) fortrydelse! \u00d8V!<\/p>\n<p>Men i dag har hun f\u00e5et den, og jeg har f\u00e5et en masse billeder af min yndlingsmodel og mit yndlingsstrik for tiden.<\/p>\n<p><img loading=\"lazy\" decoding=\"async\" class=\"aligncenter size-full wp-image-2279\" title=\"christinas-vendestrik-vest-siden-2-450\" src=\"http:\/\/www.syenlap.dk\/wp-content\/uploads\/2009\/02\/christinas-vendestrik-vest-siden-2-450.jpg\" alt=\"christinas-vendestrik-vest-siden-2-450\" width=\"450\" height=\"631\" \/><\/p>\n<p>Lene har kun lavet opskrift i voksenst\u00f8rrelser, og jeg forst\u00e5r godt hvorfor. Det er ikke sv\u00e6rt at regne lidt om p\u00e5 str. small, s\u00e5 den passer en b\u00f8rnestr., men pga de smukke lange farveskift i garnet, har jeg v\u00e6ret n\u00f8dt til at bryde garnet midt i farveskiftene for at de ikke skulle blive for lange. Og det kan man ikke skrive i en opskrift, for hvor skal man bryde, og hvor meget skal man forkorte?<\/p>\n<p><img loading=\"lazy\" decoding=\"async\" class=\"aligncenter size-full wp-image-2280\" title=\"christinas-vendestrik-vest-for-450\" src=\"http:\/\/www.syenlap.dk\/wp-content\/uploads\/2009\/02\/christinas-vendestrik-vest-for-450.jpg\" alt=\"christinas-vendestrik-vest-for-450\" width=\"450\" height=\"711\" \/><\/p>\n<p>\u00a0<\/p>\n<p>Derfor var det ogs\u00e5 meget sp\u00e6ndende, om jeg havde ramt st\u00f8rrelsen rigtigt. Og jeg er meget tilfreds.<\/p>\n<p><img loading=\"lazy\" decoding=\"async\" class=\"aligncenter size-full wp-image-2281\" title=\"christinas-vendestrik-vest-for-2-450\" src=\"http:\/\/www.syenlap.dk\/wp-content\/uploads\/2009\/02\/christinas-vendestrik-vest-for-2-450.jpg\" alt=\"christinas-vendestrik-vest-for-2-450\" width=\"450\" height=\"581\" \/><\/p>\n<p>Og det er Christina ogs\u00e5, skal jeg hilse at sige. &#8220;Ved du hvad, Farmor? Jeg har den faktisk p\u00e5, fordi den er s\u00e5 dejlig bl\u00f8d og varm,&#8221; sagde hun i telefonen for lidt siden. Det er rart at h\u00f8re.<\/p>\n<p><img loading=\"lazy\" decoding=\"async\" class=\"aligncenter size-full wp-image-2282\" title=\"christinas-vendestrik-vest-model-450\" src=\"http:\/\/www.syenlap.dk\/wp-content\/uploads\/2009\/02\/christinas-vendestrik-vest-model-450.jpg\" alt=\"christinas-vendestrik-vest-model-450\" width=\"450\" height=\"620\" \/><\/p>\n<p>Fakta:\u00a0Strikkekit\u00a0til Vest i Vendestrik fra <a href=\"http:\/\/www.lenep-katrinelund.dk\/home.php\" target=\"_blank\">Katrinelund<\/a><br \/>\nGarn: Kauni, 1 n\u00f8gle lilla og 1 n\u00f8gle regnbuefarvet<br \/>\n\u00c6ndringer: str. small minus 4 masker, for- og bagsider minus 4-6 retriller.<br \/>\n\u00c6rmegabet er lukket af med 4 masker i stedet for 10.<br \/>\nGarnet er brudt i hvert farveskift og forkortet med ca 2 meter hver gang.<\/p>\n<p>Hot or not: HOT &#8211; HOT! Helt sikkert, den kan godt gentages b\u00e5de i voksen og b\u00f8rnest\u00f8rrelse, evt. i andre farver.<\/p>\n","protected":false},"excerpt":{"rendered":"<p>\u00a0 S\u00e5 lykkedes det! Jeg havde strikket vesten i vendestrik fra Katrinelund i regnbuefarver til Christina i f\u00f8dselsdagsgave, da hun i g\u00e5r blev 8 \u00e5r. Og jeg ville ikke vise den f\u00e6rdig p\u00e5 bloggen, f\u00f8r hun havde f\u00e5et den. Og &hellip; <a href=\"http:\/\/www.syenlap.dk\/?p=2277\">L\u00e6s resten <span class=\"meta-nav\">&rarr;<\/span><\/a><\/p>\n","protected":false},"author":2,"featured_media":0,"comment_status":"open","ping_status":"open","sticky":false,"template":"","format":"standard","meta":{"footnotes":""},"categories":[5,16],"tags":[62],"class_list":["post-2277","post","type-post","status-publish","format-standard","hentry","category-familien","category-strik","tag-vendestrik"],"_links":{"self":[{"href":"http:\/\/www.syenlap.dk\/index.php?rest_route=\/wp\/v2\/posts\/2277","targetHints":{"allow":["GET"]}}],"collection":[{"href":"http:\/\/www.syenlap.dk\/index.php?rest_route=\/wp\/v2\/posts"}],"about":[{"href":"http:\/\/www.syenlap.dk\/index.php?rest_route=\/wp\/v2\/types\/post"}],"author":[{"embeddable":true,"href":"http:\/\/www.syenlap.dk\/index.php?rest_route=\/wp\/v2\/users\/2"}],"replies":[{"embeddable":true,"href":"http:\/\/www.syenlap.dk\/index.php?rest_route=%2Fwp%2Fv2%2Fcomments&post=2277"}],"version-history":[{"count":0,"href":"http:\/\/www.syenlap.dk\/index.php?rest_route=\/wp\/v2\/posts\/2277\/revisions"}],"wp:attachment":[{"href":"http:\/\/www.syenlap.dk\/index.php?rest_route=%2Fwp%2Fv2%2Fmedia&parent=2277"}],"wp:term":[{"taxonomy":"category","embeddable":true,"href":"http:\/\/www.syenlap.dk\/index.php?rest_route=%2Fwp%2Fv2%2Fcategories&post=2277"},{"taxonomy":"post_tag","embeddable":true,"href":"http:\/\/www.syenlap.dk\/index.php?rest_route=%2Fwp%2Fv2%2Ftags&post=2277"}],"curies":[{"name":"wp","href":"https:\/\/api.w.org\/{rel}","templated":true}]}}