{"id":2291,"date":"2009-02-28T15:52:05","date_gmt":"2009-02-28T13:52:05","guid":{"rendered":"http:\/\/www.syenlap.dk\/?p=2291"},"modified":"2009-02-28T15:52:05","modified_gmt":"2009-02-28T13:52:05","slug":"vende-strik-cardigan-snart-f%c3%a6rdig","status":"publish","type":"post","link":"http:\/\/www.syenlap.dk\/?p=2291","title":{"rendered":"Vende strik cardigan snart f\u00e6rdig"},"content":{"rendered":"<p><img loading=\"lazy\" decoding=\"async\" class=\"aligncenter size-full wp-image-2293\" title=\"cardigan-strikketc3b8j1\" src=\"http:\/\/www.syenlap.dk\/wp-content\/uploads\/2009\/02\/cardigan-strikketc3b8j1.jpg\" alt=\"cardigan-strikketc3b8j1\" width=\"450\" height=\"388\" \/><\/p>\n<p>\u00a0<\/p>\n<p>Det er noget af et stort strikket\u00f8j at have i sk\u00f8det nu, hvor cardigan&#8217;en i vendestrik snart er f\u00e6rdig.<\/p>\n<p><img loading=\"lazy\" decoding=\"async\" class=\"aligncenter size-full wp-image-2294\" title=\"cardigan\" src=\"http:\/\/www.syenlap.dk\/wp-content\/uploads\/2009\/02\/cardigan.jpg\" alt=\"cardigan\" width=\"450\" height=\"323\" \/><\/p>\n<p>\u00a0<\/p>\n<p>Jeg er t\u00e6t p\u00e5 at n\u00e5 h\u00f8jre forkant, begge \u00e6rmer er kommet til undervejs &#8211; det er en sjov m\u00e5de at strikke p\u00e5.<\/p>\n<p><img loading=\"lazy\" decoding=\"async\" class=\"aligncenter size-full wp-image-2295\" title=\"cardigan-bag\" src=\"http:\/\/www.syenlap.dk\/wp-content\/uploads\/2009\/02\/cardigan-bag.jpg\" alt=\"cardigan-bag\" width=\"450\" height=\"334\" \/><\/p>\n<p>\u00a0<\/p>\n<p>Men ogs\u00e5 lidt nervepirrende, for hvordan kommer den til at passe? Det er ikke nemt at pr\u00f8ve den undervejs. Men det ser ud til, at den passer. Den er lidt kort, men der kan jeg strikke bl\u00e5 kanter p\u00e5 forneden, ligesom der if\u00f8lge opskriften skal p\u00e5 forneden p\u00e5 \u00e6rmerne, der er 3\/4 lange, en l\u00e6ngde, jeg godt kan lide.<\/p>\n<p>Jeg strikker lidt fast i forhold til opskriften, s\u00e5 jeg har strikket et par striber mere b\u00e5de p\u00e5 ryggen og forstykkerne, og s\u00e5 skal man huske, at halsudsk\u00e6ringen er ment som forholdsvis stor.<\/p>\n<p>Jeg valgte petrol og bl\u00e5, for ikke at f\u00e5 det alt for farvestr\u00e5lende, og det bliver rigtig godt. Det var sv\u00e6rt at strikke det m\u00f8rke forl\u00f8b i elektrisk lys, for da falder det sammen med den bl\u00e5 bundfarve, men det gik.<\/p>\n<p>S\u00e5 nu skal den bare v\u00e6re f\u00e6rdig, s\u00e5 jeg kan komme i gang med det n\u00e6ste. Kauni garn passer mig rigtig godt!<\/p>\n","protected":false},"excerpt":{"rendered":"<p>\u00a0 Det er noget af et stort strikket\u00f8j at have i sk\u00f8det nu, hvor cardigan&#8217;en i vendestrik snart er f\u00e6rdig. \u00a0 Jeg er t\u00e6t p\u00e5 at n\u00e5 h\u00f8jre forkant, begge \u00e6rmer er kommet til undervejs &#8211; det er en sjov &hellip; <a href=\"http:\/\/www.syenlap.dk\/?p=2291\">L\u00e6s resten <span class=\"meta-nav\">&rarr;<\/span><\/a><\/p>\n","protected":false},"author":2,"featured_media":0,"comment_status":"open","ping_status":"open","sticky":false,"template":"","format":"standard","meta":{"footnotes":""},"categories":[16],"tags":[62],"class_list":["post-2291","post","type-post","status-publish","format-standard","hentry","category-strik","tag-vendestrik"],"_links":{"self":[{"href":"http:\/\/www.syenlap.dk\/index.php?rest_route=\/wp\/v2\/posts\/2291","targetHints":{"allow":["GET"]}}],"collection":[{"href":"http:\/\/www.syenlap.dk\/index.php?rest_route=\/wp\/v2\/posts"}],"about":[{"href":"http:\/\/www.syenlap.dk\/index.php?rest_route=\/wp\/v2\/types\/post"}],"author":[{"embeddable":true,"href":"http:\/\/www.syenlap.dk\/index.php?rest_route=\/wp\/v2\/users\/2"}],"replies":[{"embeddable":true,"href":"http:\/\/www.syenlap.dk\/index.php?rest_route=%2Fwp%2Fv2%2Fcomments&post=2291"}],"version-history":[{"count":0,"href":"http:\/\/www.syenlap.dk\/index.php?rest_route=\/wp\/v2\/posts\/2291\/revisions"}],"wp:attachment":[{"href":"http:\/\/www.syenlap.dk\/index.php?rest_route=%2Fwp%2Fv2%2Fmedia&parent=2291"}],"wp:term":[{"taxonomy":"category","embeddable":true,"href":"http:\/\/www.syenlap.dk\/index.php?rest_route=%2Fwp%2Fv2%2Fcategories&post=2291"},{"taxonomy":"post_tag","embeddable":true,"href":"http:\/\/www.syenlap.dk\/index.php?rest_route=%2Fwp%2Fv2%2Ftags&post=2291"}],"curies":[{"name":"wp","href":"https:\/\/api.w.org\/{rel}","templated":true}]}}